{"id":2888,"date":"2018-12-13T00:39:21","date_gmt":"2018-12-13T00:39:21","guid":{"rendered":"http:\/\/coro.paroquiabaixadabanheira.org\/?p=2888"},"modified":"2018-12-13T00:39:21","modified_gmt":"2018-12-13T00:39:21","slug":"domingo-iii-do-advento-10","status":"publish","type":"post","link":"https:\/\/coro.paroquiabaixadabanheira.org\/?p=2888","title":{"rendered":"Domingo III do Advento"},"content":{"rendered":"<p><strong>C\u00e2nticos para\u00a0o\u00a0III Domingo do\u00a0Advento\u2013 Ano\u00a0C<\/strong>\u00a0(<a href=\"http:\/\/www.liturgia.pt\/liturgiadiaria\/dia.php?data=2018-12-16\">Liturgia<\/a>)<\/p>\n<ul>\n<li>Entrada: <a href=\"http:\/\/coro.paroquiabaixadabanheira.org\/reportorio\/advento\/alegraivos.sempre.pdf\">Alegrai-vos Sempre<\/a><\/li>\n<li>Coroa do Advento: <a href=\"http:\/\/coro.paroquiabaixadabanheira.org\/reportorio\/advento\/vem.senhor.jesus.pdf\">Vem Senhor Jesus<\/a><\/li>\n<li>Acto Penitencial: <a href=\"http:\/\/coro.paroquiabaixadabanheira.org\/reportorio\/penitencial\/kyrie.10.pdf\">kyrie 10<\/a><\/li>\n<li>Salmo:\u00a0Isa\u00edas 12\u00a0<a href=\"http:\/\/www.liturgia.pt\/multimedia\/mp3\/SalmosResponsoriais\/122_Adv03CIIIDom-PovoDoSenhor.mp3\"><em>\u201d Povo do Senhor, exulta e canta de alegria.\u201d<\/em><\/a><\/li>\n<li>Aclama\u00e7\u00e3o ao Evangelho: <a href=\"http:\/\/coro.paroquiabaixadabanheira.org\/reportorio\/aclama\/aleluia.carlos.silva2.pdf\">Aleluia (Carlos Silva 2)<\/a>\u00a0 <strong>\u201cO Esp\u00edrito do Senhor est\u00e1 sobre mim: enviou-me a anunciar a boa nova aos pobres.\u201d<\/strong><\/li>\n<li>Apresenta\u00e7\u00e3o dos Dons: <a href=\"http:\/\/coro.paroquiabaixadabanheira.org\/reportorio\/advento\/descei.sr.jesus.pdf\">Descei, Senhor Jesus (Excelso Criador)<\/a><\/li>\n<li>Santo: <a href=\"http:\/\/coro.paroquiabaixadabanheira.org\/reportorio\/santo\/santo.leonel.claro.pdf\">Santo (L. Claro)<\/a><\/li>\n<li>Cordeiro: <a href=\"http:\/\/coro.paroquiabaixadabanheira.org\/reportorio\/cordeiro\/cordeiro.de.deus.fernande.silva.pdf\">Cordeiro (Fernandes Silva)<\/a><\/li>\n<li>Comunh\u00e3o: <a href=\"http:\/\/coro.paroquiabaixadabanheira.org\/reportorio\/advento\/dizei.aos.desanimados.pdf\">Dizei aos Desanimados<\/a><\/li>\n<li>Ac\u00e7\u00e3o de Gra\u00e7as: <a href=\"http:\/\/coro.paroquiabaixadabanheira.org\/reportorio\/advento\/ave.senhora.do.advento.pdf\">Av\u00e9, Senhora do Advento<\/a><\/li>\n<li>Final: <a href=\"http:\/\/coro.paroquiabaixadabanheira.org\/reportorio\/diversos\/o.profeta.pdf\">O Profeta<\/a><\/li>\n<\/ul>\n","protected":false},"excerpt":{"rendered":"<p>C\u00e2nticos para\u00a0o\u00a0III Domingo do\u00a0Advento\u2013 Ano\u00a0C\u00a0(Liturgia) Entrada: Alegrai-vos Sempre Coroa do Advento: Vem Senhor Jesus Acto Penitencial: kyrie 10 Salmo:\u00a0Isa\u00edas 12\u00a0\u201d Povo do Senhor, exulta e canta de alegria.\u201d Aclama\u00e7\u00e3o ao Evangelho: Aleluia (Carlos Silva 2)\u00a0 \u201cO Esp\u00edrito do Senhor est\u00e1 &hellip;<\/p>\n<p class=\"read-more\"> <a class=\"more-link\" href=\"https:\/\/coro.paroquiabaixadabanheira.org\/?p=2888\"> <span class=\"screen-reader-text\">Domingo III do Advento<\/span> Read More &raquo;<\/a><\/p>\n","protected":false},"author":3,"featured_media":0,"comment_status":"open","ping_status":"open","sticky":false,"template":"","format":"standard","meta":{"footnotes":""},"categories":[3],"tags":[],"class_list":["post-2888","post","type-post","status-publish","format-standard","hentry","category-ensaios"],"_links":{"self":[{"href":"https:\/\/coro.paroquiabaixadabanheira.org\/index.php?rest_route=\/wp\/v2\/posts\/2888","targetHints":{"allow":["GET"]}}],"collection":[{"href":"https:\/\/coro.paroquiabaixadabanheira.org\/index.php?rest_route=\/wp\/v2\/posts"}],"about":[{"href":"https:\/\/coro.paroquiabaixadabanheira.org\/index.php?rest_route=\/wp\/v2\/types\/post"}],"author":[{"embeddable":true,"href":"https:\/\/coro.paroquiabaixadabanheira.org\/index.php?rest_route=\/wp\/v2\/users\/3"}],"replies":[{"embeddable":true,"href":"https:\/\/coro.paroquiabaixadabanheira.org\/index.php?rest_route=%2Fwp%2Fv2%2Fcomments&post=2888"}],"version-history":[{"count":2,"href":"https:\/\/coro.paroquiabaixadabanheira.org\/index.php?rest_route=\/wp\/v2\/posts\/2888\/revisions"}],"predecessor-version":[{"id":2890,"href":"https:\/\/coro.paroquiabaixadabanheira.org\/index.php?rest_route=\/wp\/v2\/posts\/2888\/revisions\/2890"}],"wp:attachment":[{"href":"https:\/\/coro.paroquiabaixadabanheira.org\/index.php?rest_route=%2Fwp%2Fv2%2Fmedia&parent=2888"}],"wp:term":[{"taxonomy":"category","embeddable":true,"href":"https:\/\/coro.paroquiabaixadabanheira.org\/index.php?rest_route=%2Fwp%2Fv2%2Fcategories&post=2888"},{"taxonomy":"post_tag","embeddable":true,"href":"https:\/\/coro.paroquiabaixadabanheira.org\/index.php?rest_route=%2Fwp%2Fv2%2Ftags&post=2888"}],"curies":[{"name":"wp","href":"https:\/\/api.w.org\/{rel}","templated":true}]}}