{"id":2897,"date":"2018-12-22T01:06:19","date_gmt":"2018-12-22T01:06:19","guid":{"rendered":"http:\/\/coro.paroquiabaixadabanheira.org\/?p=2897"},"modified":"2018-12-22T01:10:26","modified_gmt":"2018-12-22T01:10:26","slug":"natal-do-senhor-missa-do-dia-4","status":"publish","type":"post","link":"https:\/\/coro.paroquiabaixadabanheira.org\/?p=2897","title":{"rendered":"Natal do Senhor \u2013 Missa do dia"},"content":{"rendered":"<p><strong>C\u00e2nticos para o Natal do Senhor &#8211; Missa do dia\u2013 Ano\u00a0C<\/strong><strong>\u00a0(<a href=\"http:\/\/www.liturgia.pt\/liturgiadiaria\/dia.php?data=2018-12-25\">Liturgia)<\/a><\/strong><\/p>\n<p>O ensaio final ser\u00e1 dia 23\/12 \u00e1s 21h00.<\/p>\n<ul>\n<li>Entrada: <a href=\"http:\/\/coro.paroquiabaixadabanheira.org\/reportorio\/natal\/aleluia.nasceu.salvador.vozes.pdf\">Aleluia! Nasceu o Salvador<\/a><\/li>\n<li>Acto Penitencial: <a href=\"http:\/\/coro.paroquiabaixadabanheira.org\/reportorio\/penitencial\/kyrie.eleison.mario.soroldoni.pdf\">Kyrie Eleison (M\u00e1rio Soroldoni)<\/a><\/li>\n<li>Gl\u00f3ria: <a href=\"http:\/\/coro.paroquiabaixadabanheira.org\/reportorio\/gloria\/gloria.a.deus.a.cartageno.pdf\">Gloria Cartageno<\/a><\/li>\n<li>Salmo:\u00a0<em>97 (98) <a href=\"http:\/\/www.liturgia.pt\/multimedia\/mp3\/SalmosResponsoriais\/008_ABC_04NatDia-TodosOsConfins.mp3\">\u201cTodos os confins da terra\u00a0viram a salva\u00e7\u00e3o do nosso Deus.\u201d<\/a><\/em><\/li>\n<li>Aclama\u00e7\u00e3o ao Evangelho: <a href=\"http:\/\/coro.paroquiabaixadabanheira.org\/reportorio\/aclama\/aleluia.james.chepponis.pdf\">Aleluia (James Chepponis)<\/a> <strong>\u201cSanto \u00e9 o dia que nos trouxe a luz.\u00a0<\/strong><strong>Vinde adorar o Senhor.<\/strong>\u00a0<strong>Hoje, uma grande luz desceu sobre a terra\u201d<\/strong><\/li>\n<li>Ora\u00e7\u00e3o dos Fi\u00e9is: <a href=\"http:\/\/coro.paroquiabaixadabanheira.org\/reportorio\/aclamacao\/oracao.universal.pdf\">Respostas<\/a>\u00a0(numero 29)<\/li>\n<li>Apresenta\u00e7\u00e3o dos Dons: <a href=\"http:\/\/coro.paroquiabaixadabanheira.org\/reportorio\/natal\/exultemos.de.alegria.pdf\">Exultemos de alegria<\/a><\/li>\n<li>Santo: <a href=\"http:\/\/coro.paroquiabaixadabanheira.org\/reportorio\/santo\/santo.carlos.silva.pdf\">Santo Carlos Silva<\/a><\/li>\n<li>Pai Nosso: <a href=\"http:\/\/coro.paroquiabaixadabanheira.org\/reportorio\/painosso\/pai.nosso.2.vozes.pdf\">Pai Nosso\u00a02 vozes<\/a><\/li>\n<li>Cordeiro: <a href=\"http:\/\/coro.paroquiabaixadabanheira.org\/reportorio\/cordeiro\/cordeiro.cartageno2.pdf\">Cordeiro\u00a02 Cartageno<\/a><\/li>\n<li>Comunh\u00e3o:\u00a0 <a href=\"http:\/\/coro.paroquiabaixadabanheira.org\/reportorio\/natal\/a.vida.que.estava.junto.do.pai.pdf\">A vida que estava junto do Pai<\/a><\/li>\n<li>Ac\u00e7\u00e3o de Gra\u00e7as: <a href=\"http:\/\/coro.paroquiabaixadabanheira.org\/reportorio\/natal\/num.portal.pdf\">Num Portal<\/a><\/li>\n<li>Venera\u00e7\u00e3o\u00a0\u00e0 Imagem do Menino:<a href=\"http:\/\/coro.paroquiabaixadabanheira.org\/reportorio\/pentecostes\/espirito.de.amor.pdf\">\u00a0<\/a><a href=\"http:\/\/coro.paroquiabaixadabanheira.org\/reportorio\/natal\/natal.cristo.nasceu.pdf\">\u00c9 natal Cristo nasceu<\/a><\/li>\n<li>Venera\u00e7\u00e3o\u00a0\u00e0 Imagem do Menino:<a href=\"http:\/\/coro.paroquiabaixadabanheira.org\/reportorio\/pentecostes\/espirito.de.amor.pdf\">\u00a0<\/a><a href=\"http:\/\/coro.paroquiabaixadabanheira.org\/reportorio\/natal\/gloria.in.excelsis.deo.pdf\">Gloria, In Excelsis Deo<\/a><\/li>\n<li>Venera\u00e7\u00e3o\u00a0\u00e0 Imagem do Menino:<a href=\"http:\/\/coro.paroquiabaixadabanheira.org\/reportorio\/pentecostes\/espirito.de.amor.pdf\">\u00a0<\/a><a href=\"http:\/\/coro.paroquiabaixadabanheira.org\/reportorio\/natal\/hoje.na.terra.pdf\">Hoje na Terra<\/a><\/li>\n<\/ul>\n<p>Suplentes:<\/p>\n<ul>\n<li><a href=\"http:\/\/coro.paroquiabaixadabanheira.org\/reportorio\/natal\/oh.que.noite.tao.serena.pdf\">Oh, Que Noite t\u00e3o Serena<\/a><\/li>\n<li><a href=\"http:\/\/coro.paroquiabaixadabanheira.org\/reportorio\/natal\/correi.pressurosos.pdf\">Correi Pressurosos a Bel\u00e9m<\/a><\/li>\n<li><a href=\"http:\/\/coro.paroquiabaixadabanheira.org\/reportorio\/natal\/sou.um.pobre.pastorinho.pdf\">Sou um Pobre Pastorinho<\/a><\/li>\n<li><a href=\"http:\/\/coro.paroquiabaixadabanheira.org\/reportorio\/natal\/alegremse.os.ceus.pdf\">Alegrem-se os C\u00e9us e a Terra<\/a><\/li>\n<\/ul>\n","protected":false},"excerpt":{"rendered":"<p>C\u00e2nticos para o Natal do Senhor &#8211; Missa do dia\u2013 Ano\u00a0C\u00a0(Liturgia) O ensaio final ser\u00e1 dia 23\/12 \u00e1s 21h00. Entrada: Aleluia! Nasceu o Salvador Acto Penitencial: Kyrie Eleison (M\u00e1rio Soroldoni) Gl\u00f3ria: Gloria Cartageno Salmo:\u00a097 (98) \u201cTodos os confins da terra\u00a0viram &hellip;<\/p>\n<p class=\"read-more\"> <a class=\"more-link\" href=\"https:\/\/coro.paroquiabaixadabanheira.org\/?p=2897\"> <span class=\"screen-reader-text\">Natal do Senhor \u2013 Missa do dia<\/span> Read More &raquo;<\/a><\/p>\n","protected":false},"author":3,"featured_media":0,"comment_status":"open","ping_status":"open","sticky":false,"template":"","format":"standard","meta":{"footnotes":""},"categories":[3],"tags":[],"class_list":["post-2897","post","type-post","status-publish","format-standard","hentry","category-ensaios"],"_links":{"self":[{"href":"https:\/\/coro.paroquiabaixadabanheira.org\/index.php?rest_route=\/wp\/v2\/posts\/2897","targetHints":{"allow":["GET"]}}],"collection":[{"href":"https:\/\/coro.paroquiabaixadabanheira.org\/index.php?rest_route=\/wp\/v2\/posts"}],"about":[{"href":"https:\/\/coro.paroquiabaixadabanheira.org\/index.php?rest_route=\/wp\/v2\/types\/post"}],"author":[{"embeddable":true,"href":"https:\/\/coro.paroquiabaixadabanheira.org\/index.php?rest_route=\/wp\/v2\/users\/3"}],"replies":[{"embeddable":true,"href":"https:\/\/coro.paroquiabaixadabanheira.org\/index.php?rest_route=%2Fwp%2Fv2%2Fcomments&post=2897"}],"version-history":[{"count":2,"href":"https:\/\/coro.paroquiabaixadabanheira.org\/index.php?rest_route=\/wp\/v2\/posts\/2897\/revisions"}],"predecessor-version":[{"id":2903,"href":"https:\/\/coro.paroquiabaixadabanheira.org\/index.php?rest_route=\/wp\/v2\/posts\/2897\/revisions\/2903"}],"wp:attachment":[{"href":"https:\/\/coro.paroquiabaixadabanheira.org\/index.php?rest_route=%2Fwp%2Fv2%2Fmedia&parent=2897"}],"wp:term":[{"taxonomy":"category","embeddable":true,"href":"https:\/\/coro.paroquiabaixadabanheira.org\/index.php?rest_route=%2Fwp%2Fv2%2Fcategories&post=2897"},{"taxonomy":"post_tag","embeddable":true,"href":"https:\/\/coro.paroquiabaixadabanheira.org\/index.php?rest_route=%2Fwp%2Fv2%2Ftags&post=2897"}],"curies":[{"name":"wp","href":"https:\/\/api.w.org\/{rel}","templated":true}]}}