{"id":3017,"date":"2019-04-08T23:13:25","date_gmt":"2019-04-08T23:13:25","guid":{"rendered":"http:\/\/coro.paroquiabaixadabanheira.org\/?p=3017"},"modified":"2019-04-14T23:02:25","modified_gmt":"2019-04-14T23:02:25","slug":"domingo-de-ramos-na-paixao-do-senhor-4","status":"publish","type":"post","link":"https:\/\/coro.paroquiabaixadabanheira.org\/?p=3017","title":{"rendered":"Domingo de Ramos na Paix\u00e3o do Senhor"},"content":{"rendered":"<p><strong>C\u00e2nticos para o Domingo de Ramos na Paix\u00e3o do Senhor \u2013 Ano C (<\/strong><a href=\"http:\/\/www.liturgia.pt\/liturgiadiaria\/dia.php?data=2019-4-14\"><strong>liturgia<\/strong><strong>)<\/strong><\/a><\/p>\n<ul>\n<li>Entrada: <a href=\"http:\/\/coro.paroquiabaixadabanheira.org\/reportorio\/diversos\/hossana.pdf\">Hossana nas Alturas <\/a>ou Hossana J.Andrade Nunes<\/li>\n<li>Salmo\u00a021 <em>(22):\u00a0<a href=\"http:\/\/www.liturgia.pt\/multimedia\/mp3\/SalmosResponsoriais\/019_ABC_11SemSantRamos-MeuDeus.mp3\">\u201dMeu Deus, meu Deus, porque me abandonaste?\u201d<\/a><\/em><\/li>\n<li>Aclama\u00e7\u00e3o ao Evangelho:\u00a0<a href=\"http:\/\/coro.paroquiabaixadabanheira.org\/reportorio\/quaresma\/gloria.a.vos.m.luis.pdf\">Gl\u00f3ria a\u00a0V\u00f3s, \u00f3 Cristo<\/a>\u00a0<strong>\u201d Cristo obedeceu at\u00e9 a morte e morte de cruz.<\/strong><strong> Por isso Deus O exaltou e Lhe deu um<\/strong><strong> nome que est\u00e1 acima de todos os nomes.\u201d<\/strong><\/li>\n<li>Apresenta\u00e7\u00e3o dos Dons:\u00a0<a href=\"http:\/\/coro.paroquiabaixadabanheira.org\/reportorio\/quaresma\/o.estandarte.da.cruz.pdf\">O estandarte da Cruz<\/a><\/li>\n<li>Santo: <a href=\"http:\/\/coro.paroquiabaixadabanheira.org\/reportorio\/santo\/santo.pdf\">Santo 1<\/a><\/li>\n<li>Cordeiro: <a href=\"http:\/\/coro.paroquiabaixadabanheira.org\/reportorio\/cordeiro\/cordeiro.aragues.pdf\">Cordeiro (Aragues)<\/a><\/li>\n<li>Comunh\u00e3o: <a href=\"http:\/\/coro.paroquiabaixadabanheira.org\/reportorio\/quaresma\/pai.se.este.calice1.pdf\">Pai, se este c\u00e1lice<\/a><\/li>\n<li>Ac\u00e7\u00e3o de Gra\u00e7as: <a href=\"http:\/\/coro.paroquiabaixadabanheira.org\/reportorio\/taize\/in.manus.tuas.pater.pdf\">In manus tuas, pater<\/a><\/li>\n<li>Final: <a href=\"http:\/\/coro.paroquiabaixadabanheira.org\/reportorio\/quaresma\/cobriu.se.a.terra.pdf\">Cobriu-se a Terra de Luto<\/a>\u00a0ou <a href=\"http:\/\/coro.paroquiabaixadabanheira.org\/reportorio\/quaresma\/hossana.tu.reinaras.pdf\">Hossana!Tu Reinar\u00e1s!<\/a><\/li>\n<\/ul>\n<p>Trazer:<\/p>\n<ul>\n<li>Todas as musicas da P\u00e1scoa e da semana Santa<\/li>\n<\/ul>\n","protected":false},"excerpt":{"rendered":"<p>C\u00e2nticos para o Domingo de Ramos na Paix\u00e3o do Senhor \u2013 Ano C (liturgia) Entrada: Hossana nas Alturas ou Hossana J.Andrade Nunes Salmo\u00a021 (22):\u00a0\u201dMeu Deus, meu Deus, porque me abandonaste?\u201d Aclama\u00e7\u00e3o ao Evangelho:\u00a0Gl\u00f3ria a\u00a0V\u00f3s, \u00f3 Cristo\u00a0\u201d Cristo obedeceu at\u00e9 a &hellip;<\/p>\n<p class=\"read-more\"> <a class=\"more-link\" href=\"https:\/\/coro.paroquiabaixadabanheira.org\/?p=3017\"> <span class=\"screen-reader-text\">Domingo de Ramos na Paix\u00e3o do Senhor<\/span> Read More &raquo;<\/a><\/p>\n","protected":false},"author":3,"featured_media":0,"comment_status":"open","ping_status":"open","sticky":false,"template":"","format":"standard","meta":{"footnotes":""},"categories":[1],"tags":[],"class_list":["post-3017","post","type-post","status-publish","format-standard","hentry","category-uncategorized"],"_links":{"self":[{"href":"https:\/\/coro.paroquiabaixadabanheira.org\/index.php?rest_route=\/wp\/v2\/posts\/3017","targetHints":{"allow":["GET"]}}],"collection":[{"href":"https:\/\/coro.paroquiabaixadabanheira.org\/index.php?rest_route=\/wp\/v2\/posts"}],"about":[{"href":"https:\/\/coro.paroquiabaixadabanheira.org\/index.php?rest_route=\/wp\/v2\/types\/post"}],"author":[{"embeddable":true,"href":"https:\/\/coro.paroquiabaixadabanheira.org\/index.php?rest_route=\/wp\/v2\/users\/3"}],"replies":[{"embeddable":true,"href":"https:\/\/coro.paroquiabaixadabanheira.org\/index.php?rest_route=%2Fwp%2Fv2%2Fcomments&post=3017"}],"version-history":[{"count":2,"href":"https:\/\/coro.paroquiabaixadabanheira.org\/index.php?rest_route=\/wp\/v2\/posts\/3017\/revisions"}],"predecessor-version":[{"id":3027,"href":"https:\/\/coro.paroquiabaixadabanheira.org\/index.php?rest_route=\/wp\/v2\/posts\/3017\/revisions\/3027"}],"wp:attachment":[{"href":"https:\/\/coro.paroquiabaixadabanheira.org\/index.php?rest_route=%2Fwp%2Fv2%2Fmedia&parent=3017"}],"wp:term":[{"taxonomy":"category","embeddable":true,"href":"https:\/\/coro.paroquiabaixadabanheira.org\/index.php?rest_route=%2Fwp%2Fv2%2Fcategories&post=3017"},{"taxonomy":"post_tag","embeddable":true,"href":"https:\/\/coro.paroquiabaixadabanheira.org\/index.php?rest_route=%2Fwp%2Fv2%2Ftags&post=3017"}],"curies":[{"name":"wp","href":"https:\/\/api.w.org\/{rel}","templated":true}]}}