{"id":3019,"date":"2019-04-08T23:43:54","date_gmt":"2019-04-08T23:43:54","guid":{"rendered":"http:\/\/coro.paroquiabaixadabanheira.org\/?p=3019"},"modified":"2019-04-08T23:43:55","modified_gmt":"2019-04-08T23:43:55","slug":"vigilia-pascal-e-domingo-de-pascoa-da-ressurreicao-do-senhor","status":"publish","type":"post","link":"https:\/\/coro.paroquiabaixadabanheira.org\/?p=3019","title":{"rendered":"Vig\u00edlia Pascal e Domingo de P\u00e1scoa da Ressurrei\u00e7\u00e3o do Senhor"},"content":{"rendered":"<h4 class=\"entry-title post-title\"><span class=\"comments-link\">C\u00e2nticos para a Vig\u00edlia Pascal \u2013 Ano C (<a href=\"http:\/\/www.liturgia.pt\/liturgiadiaria\/dia.php?data=2019-4-21\">liturgia)<\/a><\/span><\/h4>\n<div class=\"post-entry\">\n<p>Celebra\u00e7\u00e3o da Luz<\/p>\n<ul>\n<li>Entrada da Luz:\u00a0<a href=\"http:\/\/coro.paroquiabaixadabanheira.org\/reportorio\/pascoa\/eis.a.luz.de.cristo.pdf\">Eis a Luz de Cristo<\/a><\/li>\n<li>Entrada da Luz:\u00a0<a title=\"Taiz\u00e9\" href=\"http:\/\/coro.paroquiabaixadabanheira.org\/reportorio\/pascoa\/a.luz.de.cristo.pdf\">A Luz de Cristo<\/a><\/li>\n<li>An\u00fancio da P\u00e1scoa:\u00a0<a href=\"http:\/\/coro.paroquiabaixadabanheira.org\/reportorio\/pascoa\/preconio.pdf\">Preg\u00e3o Pascal<\/a><\/li>\n<\/ul>\n<p>Celebra\u00e7\u00e3o da Palavra<\/p>\n<ul>\n<li>Salmo 1:\u00a032<em> (33)<\/em> <a href=\"http:\/\/www.liturgia.pt\/multimedia\/mp3\/SalmosResponsoriais\/023_ABC_15VigPascI-ABondade.mp3\"><em>\u201dA bondade do Senhor encheu a terra.\u201d<\/em><\/a><\/li>\n<li>Salmo 2:\u00a0Ex 15\u00a0<a href=\"http:\/\/www.liturgia.pt\/multimedia\/mp3\/SalmosResponsoriais\/024_ABC_16VigPascIII-CantemosAoSenhor.mp3\"><em>\u201dCantemos ao Senhor, que se revestiu de gl\u00f3ria.\u201d<\/em><\/a><\/li>\n<li>Salmo\u00a03:\u00a040<em> (41)<\/em> <em>\u201dComo o veado anseia p\u2019las \u00e1guas vivas.\u201d<\/em><\/li>\n<li>Gl\u00f3ria:\u00a0<a href=\"http:\/\/coro.paroquiabaixadabanheira.org\/reportorio\/gloria\/gloria.a.deus.a.cartageno.pdf\">Gloria Cartageno<\/a><\/li>\n<li>Aleluia:\u00a0<a href=\"http:\/\/coro.paroquiabaixadabanheira.org\/reportorio\/pascoa\/aleluia.pascal.vigilia.pdf\">Aleluia Pascal \u2013 Vigilia<\/a><\/li>\n<li>Ap\u00f3s o Evangelho:\u00a0<a href=\"http:\/\/coro.paroquiabaixadabanheira.org\/reportorio\/pascoa\/ressuscitou.pdf\">Resssuscitou<\/a><\/li>\n<\/ul>\n<p>Celebra\u00e7\u00e3o da \u00c1gua (Baptismos)<\/p>\n<ul>\n<li>Ladainhas:\u00a0<a href=\"http:\/\/coro.paroquiabaixadabanheira.org\/reportorio\/pascoa\/ladainhas.pdf\">Ladainhas<\/a><\/li>\n<li>Baptismos: <a href=\"http:\/\/coro.paroquiabaixadabanheira.org\/reportorio\/baptismo\/baptizame.senhor.pdf\">Baptiza-me Senhor<\/a><\/li>\n<li>Baptismos:\u00a0<a title=\"Taiz\u00e9\" href=\"http:\/\/coro.paroquiabaixadabanheira.org\/reportorio\/baptismo\/aguas.das.fontes.pdf\">\u00c1guas das fontes<\/a> ou\u00a0<a href=\"http:\/\/coro.paroquiabaixadabanheira.org\/reportorio\/quaresma\/templo.de.deus.e.santo.pdf\">O Templo de Deus \u00e9 Santo<\/a><\/li>\n<li>Un\u00e7\u00e3o do Crisma: <a title=\"Taiz\u00e9\" href=\"http:\/\/coro.paroquiabaixadabanheira.org\/reportorio\/baptismo\/tu.es.fonte.de.vida.pdf\">Tu \u00c9s Fonte de Vida<\/a><\/li>\n<li>Veste branca: <a href=\"http:\/\/coro.paroquiabaixadabanheira.org\/reportorio\/baptismo\/vos.que.fostes.baptizados.pdf\">V\u00f3s que Fostes Baptizados<\/a><\/li>\n<li>Luz: <a title=\"Taiz\u00e9\" href=\"http:\/\/coro.paroquiabaixadabanheira.org\/reportorio\/diversos\/senhor.jesus.pdf\">Senhor Jesus, Tu \u00c9s Luz do Mundo<\/a><\/li>\n<li>Aspers\u00e3o: <a href=\"http:\/\/coro.paroquiabaixadabanheira.org\/reportorio\/penitencial\/vi.a.agua.sair.pdf\">Vi a \u00e1gua sai<\/a><a href=\"http:\/\/coro.paroquiabaixadabanheira.org\/reportorio\/diversos\/se.eu.nao.tiver.amor.pdf\">r<\/a>.<\/li>\n<\/ul>\n<p>Celebra\u00e7\u00e3o da Eucaristia<\/p>\n<ul>\n<li>Ora\u00e7\u00e3o dos Fi\u00e9is: <a href=\"http:\/\/coro.paroquiabaixadabanheira.org\/reportorio\/aclamacao\/oracao.universal.pdf\">Respostas<\/a><\/li>\n<li>Ofert\u00f3rio: <a href=\"http:\/\/coro.paroquiabaixadabanheira.org\/reportorio\/pascoa\/deus.venceu.a.morte.pdf\">Deus Venceu a Morte<\/a><\/li>\n<li>Santo: <a href=\"http:\/\/coro.paroquiabaixadabanheira.org\/reportorio\/santo\/santo.carlos.silva.pdf\">Santo Carlos Silva<\/a><\/li>\n<li>Pai-Nosso:\u00a0<a href=\"http:\/\/coro.paroquiabaixadabanheira.org\/reportorio\/painosso\/pai.nosso.2.vozes.pdf\">Pai Nosso (L. Almeida)<\/a><\/li>\n<li>Paz\/Cordeiro:\u00a0<a href=\"http:\/\/coro.paroquiabaixadabanheira.org\/reportorio\/cordeiro\/cordeiro.cartageno2.pdf\">Cordeiro\u00a02 Cartageno<\/a><\/li>\n<li>Comunh\u00e3o: <a href=\"http:\/\/coro.paroquiabaixadabanheira.org\/reportorio\/pascoa\/as.bodas.do.cordeiro.pdf\">\u00c0s Bodas do Cordeiro<\/a><\/li>\n<li>Ac\u00e7\u00e3o de Gra\u00e7as: <a href=\"http:\/\/coro.paroquiabaixadabanheira.org\/reportorio\/pascoa\/aleluia.louvor.a.vos.pdf\">Aleluia, louvor a V\u00f3s<\/a><\/li>\n<li>Final: <a href=\"http:\/\/coro.paroquiabaixadabanheira.org\/reportorio\/pascoa\/hino.a.cristo.ressuscitado.pdf\">Hino a Cristo Ressuscitado<\/a><\/li>\n<li>Final: <a href=\"http:\/\/coro.paroquiabaixadabanheira.org\/reportorio\/pascoa\/porque.ele.vive.pdf\">Porque Ele Vive<\/a><\/li>\n<\/ul>\n<h4>C\u00e2nticos para o Domingo de P\u00e1scoa da Ressurrei\u00e7\u00e3o do Senhor (<a href=\"http:\/\/www.liturgia.pt\/liturgiadiaria\/dia.php?data=2019-4-21\">Liturgia<\/a>)<\/h4>\n<ul>\n<li>Entrada:\u00a0<a href=\"http:\/\/coro.paroquiabaixadabanheira.org\/reportorio\/pascoa\/o.senhor.ressuscitou.pdf\">O Senhor Ressuscitou Verdadeiramente<\/a><\/li>\n<li>M. Penitencial: <a href=\"http:\/\/coro.paroquiabaixadabanheira.org\/reportorio\/penitencial\/kyrie.eleison.mario.soroldoni.pdf\">Kyrie Eleison (M\u00e1rio Soroldoni)<\/a><\/li>\n<li>Aspers\u00e3o: <a href=\"http:\/\/coro.paroquiabaixadabanheira.org\/reportorio\/penitencial\/vi.a.agua.sair.pdf\">Vi a \u00e1gua sair<\/a><\/li>\n<li>Gl\u00f3ria:\u00a0<a href=\"http:\/\/coro.paroquiabaixadabanheira.org\/reportorio\/gloria\/gloria.a.deus.a.cartageno.pdf\">Gloria Cartageno<\/a><\/li>\n<li>Salmo:\u00a0117<em> (118)<\/em> <a href=\"http:\/\/www.liturgia.pt\/multimedia\/mp3\/SalmosResponsoriais\/028_ABC_20DomPascoa-EisODia.mp3\"><em>\u201dEis o dia que fez o senhor. Nele exultemos e nos alegremos.\u201d<\/em><\/a><\/li>\n<li>Aleluia:\u00a0<a href=\"http:\/\/coro.paroquiabaixadabanheira.org\/reportorio\/pascoa\/aleluia.pascal.pdf\">Aleluia Pascal<\/a>\u00a0<strong>\u201cCristo, nosso Cordeiro Pascal, foi imolado: celebremos a festa do Senhor.\u201d<\/strong><\/li>\n<li>Ap\u00f3s o Evangelho:\u00a0<a href=\"http:\/\/coro.paroquiabaixadabanheira.org\/reportorio\/pascoa\/ressuscitou.pdf\">Resssuscitou<\/a><\/li>\n<li>Ladainhas:\u00a0<a href=\"http:\/\/coro.paroquiabaixadabanheira.org\/reportorio\/pascoa\/ladainhas.pdf\">Ladainhas<\/a><\/li>\n<li>Baptismo:\u00a0<a href=\"http:\/\/coro.paroquiabaixadabanheira.org\/reportorio\/baptismo\/baptizame.senhor.pdf\">Baptiza-me Senhor\u00a0<\/a>ou <a href=\"http:\/\/coro.paroquiabaixadabanheira.org\/reportorio\/quaresma\/templo.de.deus.e.santo.pdf\">O Templo de Deus \u00e9 Santo<\/a><\/li>\n<li>Un\u00e7\u00e3o do Crisma: <a title=\"Taiz\u00e9\" href=\"http:\/\/coro.paroquiabaixadabanheira.org\/reportorio\/baptismo\/tu.es.fonte.de.vida.pdf\">Tu \u00c9s Fonte de Vida<\/a><\/li>\n<li>Veste branca: <a href=\"http:\/\/coro.paroquiabaixadabanheira.org\/reportorio\/baptismo\/vos.que.fostes.baptizados.pdf\">V\u00f3s que Fostes Baptizados<\/a><\/li>\n<li>Luz: <a title=\"Taiz\u00e9\" href=\"http:\/\/coro.paroquiabaixadabanheira.org\/reportorio\/diversos\/senhor.jesus.pdf\">Senhor Jesus, Tu \u00c9s Luz do Mundo<\/a><\/li>\n<li>Ora\u00e7\u00e3o dos Fi\u00e9is: <a href=\"http:\/\/coro.paroquiabaixadabanheira.org\/reportorio\/aclamacao\/oracao.universal.pdf\">Respostas<\/a><\/li>\n<li>Ofert\u00f3rio: <a href=\"http:\/\/coro.paroquiabaixadabanheira.org\/reportorio\/pascoa\/deus.venceu.a.morte.pdf\">Deus Venceu a Morte<\/a><\/li>\n<li>Santo: <a href=\"http:\/\/coro.paroquiabaixadabanheira.org\/reportorio\/santo\/santo.carlos.silva.pdf\">Santo Carlos Silva<\/a><\/li>\n<li>Pai-Nosso: <a href=\"http:\/\/coro.paroquiabaixadabanheira.org\/reportorio\/painosso\/pai.nosso.2.vozes.pdf\">Pai Nosso (L. Almeida)<\/a><\/li>\n<li>Paz\/Cordeiro: <a href=\"http:\/\/coro.paroquiabaixadabanheira.org\/reportorio\/cordeiro\/cordeiro.cartageno2.pdf\">Cordeiro\u00a02 Cartageno<\/a><\/li>\n<li>Comunh\u00e3o: <a href=\"http:\/\/coro.paroquiabaixadabanheira.org\/reportorio\/pascoa\/as.bodas.do.cordeiro.pdf\">\u00c0s Bodas do Cordeiro<\/a> ou <a href=\"http:\/\/coro.paroquiabaixadabanheira.org\/reportorio\/pascoa\/jesus.cristo.venceu.a.morte.pdf\">Jesus Cristo Venceu a Morte<\/a><\/li>\n<li>Ac\u00e7\u00e3o de Gra\u00e7as: <a href=\"http:\/\/coro.paroquiabaixadabanheira.org\/reportorio\/pascoa\/aleluia.louvor.a.vos.pdf\">Aleluia, louvor a V\u00f3s <\/a>ou <a href=\"http:\/\/coro.paroquiabaixadabanheira.org\/reportorio\/pascoa\/alegraivos.mae.de.jesus.pdf\">Alegrai-vos, M\u00e3e de Jesus<\/a><\/li>\n<li>Final: <a href=\"http:\/\/coro.paroquiabaixadabanheira.org\/reportorio\/pascoa\/hino.a.cristo.ressuscitado.pdf\">Hino a Cristo Ressuscitado<\/a><\/li>\n<li>Final: <a href=\"http:\/\/coro.paroquiabaixadabanheira.org\/reportorio\/pascoa\/porque.ele.vive.pdf\">Porque Ele Vive<\/a><\/li>\n<\/ul>\n<\/div>\n","protected":false},"excerpt":{"rendered":"<p>C\u00e2nticos para a Vig\u00edlia Pascal \u2013 Ano C (liturgia) Celebra\u00e7\u00e3o da Luz Entrada da Luz:\u00a0Eis a Luz de Cristo Entrada da Luz:\u00a0A Luz de Cristo An\u00fancio da P\u00e1scoa:\u00a0Preg\u00e3o Pascal Celebra\u00e7\u00e3o da Palavra Salmo 1:\u00a032 (33) \u201dA bondade do Senhor encheu &hellip;<\/p>\n<p class=\"read-more\"> <a class=\"more-link\" href=\"https:\/\/coro.paroquiabaixadabanheira.org\/?p=3019\"> <span class=\"screen-reader-text\">Vig\u00edlia Pascal e Domingo de P\u00e1scoa da Ressurrei\u00e7\u00e3o do Senhor<\/span> Read More &raquo;<\/a><\/p>\n","protected":false},"author":3,"featured_media":0,"comment_status":"open","ping_status":"open","sticky":false,"template":"","format":"standard","meta":{"footnotes":""},"categories":[1],"tags":[],"class_list":["post-3019","post","type-post","status-publish","format-standard","hentry","category-uncategorized"],"_links":{"self":[{"href":"https:\/\/coro.paroquiabaixadabanheira.org\/index.php?rest_route=\/wp\/v2\/posts\/3019","targetHints":{"allow":["GET"]}}],"collection":[{"href":"https:\/\/coro.paroquiabaixadabanheira.org\/index.php?rest_route=\/wp\/v2\/posts"}],"about":[{"href":"https:\/\/coro.paroquiabaixadabanheira.org\/index.php?rest_route=\/wp\/v2\/types\/post"}],"author":[{"embeddable":true,"href":"https:\/\/coro.paroquiabaixadabanheira.org\/index.php?rest_route=\/wp\/v2\/users\/3"}],"replies":[{"embeddable":true,"href":"https:\/\/coro.paroquiabaixadabanheira.org\/index.php?rest_route=%2Fwp%2Fv2%2Fcomments&post=3019"}],"version-history":[{"count":5,"href":"https:\/\/coro.paroquiabaixadabanheira.org\/index.php?rest_route=\/wp\/v2\/posts\/3019\/revisions"}],"predecessor-version":[{"id":3024,"href":"https:\/\/coro.paroquiabaixadabanheira.org\/index.php?rest_route=\/wp\/v2\/posts\/3019\/revisions\/3024"}],"wp:attachment":[{"href":"https:\/\/coro.paroquiabaixadabanheira.org\/index.php?rest_route=%2Fwp%2Fv2%2Fmedia&parent=3019"}],"wp:term":[{"taxonomy":"category","embeddable":true,"href":"https:\/\/coro.paroquiabaixadabanheira.org\/index.php?rest_route=%2Fwp%2Fv2%2Fcategories&post=3019"},{"taxonomy":"post_tag","embeddable":true,"href":"https:\/\/coro.paroquiabaixadabanheira.org\/index.php?rest_route=%2Fwp%2Fv2%2Ftags&post=3019"}],"curies":[{"name":"wp","href":"https:\/\/api.w.org\/{rel}","templated":true}]}}