{"id":3025,"date":"2019-04-08T23:48:35","date_gmt":"2019-04-08T23:48:35","guid":{"rendered":"http:\/\/coro.paroquiabaixadabanheira.org\/?p=3025"},"modified":"2019-04-08T23:48:36","modified_gmt":"2019-04-08T23:48:36","slug":"laudes-de-sexta-feira-santa-5","status":"publish","type":"post","link":"https:\/\/coro.paroquiabaixadabanheira.org\/?p=3025","title":{"rendered":"Laudes de Sexta-Feira Santa"},"content":{"rendered":"<p>\u00c0s 9h00 do dia 19\/04\/2019 (Sexta-feira Santa) iremos organizar a ora\u00e7\u00e3o de <strong>Laudes<\/strong> -uma das horas lit\u00fargicas da Liturgia das Horas que destina-se a santificar o tempo da manh\u00e3, consagrando a Deus os primeiros movimentos e a atividade de todo o dia que come\u00e7a.<\/p>\n<p>No dia 16\/04\/2019 (Ter\u00e7a-Feira Santa) para al\u00e9m do ensaio das musicas do Tr\u00edduo Pascal iremos ensaiar para as laudes. Trazer as seguintes musicas (s\u00e3o iguais \u00e0 dos anos anteriores):<\/p>\n<ul>\n<li><a href=\"http:\/\/coro.paroquiabaixadabanheira.org\/reportorio\/quaresma\/hossana.tu.reinaras.pdf\">Hossana!Tu Reinar\u00e1s!<\/a><\/li>\n<li><a href=\"http:\/\/coro.paroquiabaixadabanheira.org\/reportorio\/livros\/laudes.sexta.pdf\">Ora\u00e7\u00e3o de Laudes \u2013 Sexta-Feira Santa<\/a><\/li>\n<li><a href=\"http:\/\/coro.paroquiabaixadabanheira.org\/reportorio\/penitencial\/senhor.tende.piedade.2.pdf\">Senhor, Tende Piedade\u00a0T.Aragues<\/a><\/li>\n<li>Final: <a href=\"http:\/\/coro.paroquiabaixadabanheira.org\/reportorio\/quaresma\/o.estandarte.da.cruz.pdf\">O estandarte da Cruz<\/a><\/li>\n<\/ul>\n","protected":false},"excerpt":{"rendered":"<p>\u00c0s 9h00 do dia 19\/04\/2019 (Sexta-feira Santa) iremos organizar a ora\u00e7\u00e3o de Laudes -uma das horas lit\u00fargicas da Liturgia das Horas que destina-se a santificar o tempo da manh\u00e3, consagrando a Deus os primeiros movimentos e a atividade de todo &hellip;<\/p>\n<p class=\"read-more\"> <a class=\"more-link\" href=\"https:\/\/coro.paroquiabaixadabanheira.org\/?p=3025\"> <span class=\"screen-reader-text\">Laudes de Sexta-Feira Santa<\/span> Read More &raquo;<\/a><\/p>\n","protected":false},"author":3,"featured_media":0,"comment_status":"open","ping_status":"open","sticky":false,"template":"","format":"standard","meta":{"footnotes":""},"categories":[1],"tags":[],"class_list":["post-3025","post","type-post","status-publish","format-standard","hentry","category-uncategorized"],"_links":{"self":[{"href":"https:\/\/coro.paroquiabaixadabanheira.org\/index.php?rest_route=\/wp\/v2\/posts\/3025","targetHints":{"allow":["GET"]}}],"collection":[{"href":"https:\/\/coro.paroquiabaixadabanheira.org\/index.php?rest_route=\/wp\/v2\/posts"}],"about":[{"href":"https:\/\/coro.paroquiabaixadabanheira.org\/index.php?rest_route=\/wp\/v2\/types\/post"}],"author":[{"embeddable":true,"href":"https:\/\/coro.paroquiabaixadabanheira.org\/index.php?rest_route=\/wp\/v2\/users\/3"}],"replies":[{"embeddable":true,"href":"https:\/\/coro.paroquiabaixadabanheira.org\/index.php?rest_route=%2Fwp%2Fv2%2Fcomments&post=3025"}],"version-history":[{"count":1,"href":"https:\/\/coro.paroquiabaixadabanheira.org\/index.php?rest_route=\/wp\/v2\/posts\/3025\/revisions"}],"predecessor-version":[{"id":3026,"href":"https:\/\/coro.paroquiabaixadabanheira.org\/index.php?rest_route=\/wp\/v2\/posts\/3025\/revisions\/3026"}],"wp:attachment":[{"href":"https:\/\/coro.paroquiabaixadabanheira.org\/index.php?rest_route=%2Fwp%2Fv2%2Fmedia&parent=3025"}],"wp:term":[{"taxonomy":"category","embeddable":true,"href":"https:\/\/coro.paroquiabaixadabanheira.org\/index.php?rest_route=%2Fwp%2Fv2%2Fcategories&post=3025"},{"taxonomy":"post_tag","embeddable":true,"href":"https:\/\/coro.paroquiabaixadabanheira.org\/index.php?rest_route=%2Fwp%2Fv2%2Ftags&post=3025"}],"curies":[{"name":"wp","href":"https:\/\/api.w.org\/{rel}","templated":true}]}}