{"id":3107,"date":"2019-07-11T00:21:45","date_gmt":"2019-07-11T00:21:45","guid":{"rendered":"http:\/\/coro.paroquiabaixadabanheira.org\/?p=3107"},"modified":"2019-07-11T00:21:47","modified_gmt":"2019-07-11T00:21:47","slug":"domingo-xv-do-tempo-comum-9","status":"publish","type":"post","link":"https:\/\/coro.paroquiabaixadabanheira.org\/?p=3107","title":{"rendered":"Domingo XV do Tempo Comum"},"content":{"rendered":"<p><strong>C\u00e2nticos para o XV Domingo do Tempo Comum \u2013 Ano C<\/strong>\u00a0(<a href=\"http:\/\/liturgia.pt\/liturgiadiaria\/dia.php?data=2019-7-14\">Liturgia<\/a>)<\/p>\n<p><em>Missa Solene\u00a0em Honra do Padroeiro da Par\u00f3quia da Baixa da Banheira \u2013 S. Jos\u00e9 Oper\u00e1rio<\/em><\/p>\n<ul>\n<li>Entrada: <a href=\"http:\/\/coro.paroquiabaixadabanheira.org\/reportorio\/diversos\/eis.o.servo.fiel.e.diligente.pdf\">Eis o servo fiel e diligente<\/a><\/li>\n<li>Acto Penitencial: <a href=\"http:\/\/coro.paroquiabaixadabanheira.org\/reportorio\/penitencial\/kyrie.eleison.marco.frisina.pdf\">Kyrie Eleison (Marco Frisina)<\/a><\/li>\n<li>Gl\u00f3ria: <a href=\"http:\/\/coro.paroquiabaixadabanheira.org\/reportorio\/gloria\/gloria.a.deus.a.cartageno.pdf\">Gloria Cartageno<\/a> ou <a href=\"http:\/\/coro.paroquiabaixadabanheira.org\/reportorio\/gloria\/gloria.2.vozes.pdf\">Gloria 2 Vozes<\/a><\/li>\n<li>Salmo: 18 (19)\u00a0 <em>\u201dOs preceitos do Senhor alegram o cora\u00e7\u00e3o\u201d<\/em><\/li>\n<li>Aclama\u00e7\u00e3o ao Evangelho:\u00a0\u00a0<a href=\"http:\/\/coro.paroquiabaixadabanheira.org\/reportorio\/aclama\/aleluia.manuel.simoes.pdf\">Aleluia (Manuel Sim\u00f5es)<\/a>\u00a0<strong>\u201cAs vossas palavras, Senhor,<br \/>\ns\u00e3o esp\u00edrito e vida: V\u00f3s tendes palavras de vida eterna.\u201d<\/strong><\/li>\n<li>Apresenta\u00e7\u00e3o dos Dons: <a href=\"http:\/\/coro.paroquiabaixadabanheira.org\/reportorio\/comunhao\/se.cumprirdes.os.meus.mandamentos.pdf\">Se cumprirdes os meus mandamentos<\/a><\/li>\n<li>Santo: <a href=\"http:\/\/coro.paroquiabaixadabanheira.org\/reportorio\/santo\/santo.ferreira.santos.pdf\">Santo Ferreira dos Santos<\/a><\/li>\n<li>Fra\u00e7\u00e3o do P\u00e3o: <a href=\"http:\/\/coro.paroquiabaixadabanheira.org\/reportorio\/cordeiro\/cordeiro.aragues.pdf\">Cordeiro (Aragues)<\/a><\/li>\n<li>Comunh\u00e3o: <a href=\"http:\/\/coro.paroquiabaixadabanheira.org\/reportorio\/diversos\/o.famintos.do.pao.divino.pdf\">\u00d3 famintos do p\u00e3o divino<\/a><\/li>\n<li>Ac\u00e7\u00e3o de Gra\u00e7as: <a href=\"http:\/\/coro.paroquiabaixadabanheira.org\/reportorio\/diversos\/sao.jose.amparo.e.guia.pdf\">S\u00e3o Jos\u00e9, amparo e guia<\/a><\/li>\n<li>Final: <a href=\"http:\/\/coro.paroquiabaixadabanheira.org\/reportorio\/final\/hino.sao.jose.2.pdf\">Hino de\u00a0 S. Jos\u00e9<\/a><\/li>\n<\/ul>\n<p><strong>C\u00e2nticos para\u00a0a\u00a0ora\u00e7\u00e3o das V\u00e9speras\u00a0em Honra de S. Jos\u00e9 Oper\u00e1rio<\/strong><\/p>\n<p>A ora\u00e7\u00e3o das V\u00e9speras ser\u00e1 dia 14 de Julho, domingo, \u00e1s 17 horas.<\/p>\n<ul>\n<li><a href=\"http:\/\/coro.paroquiabaixadabanheira.org\/reportorio\/diversos\/meu.deus.eu.creio.pdf\">Meu Deus eu creio<\/a><\/li>\n<li><a href=\"http:\/\/coro.paroquiabaixadabanheira.org\/reportorio\/final\/hino.sao.jose.2.pdf\">Hino de\u00a0 S. Jos\u00e9<\/a><\/li>\n<li><a href=\"http:\/\/coro.paroquiabaixadabanheira.org\/reportorio\/aclamacao\/vesperas.sao.jose.operario.pdf\">Ora\u00e7\u00e3o das V\u00e9speras de S\u00e3o Jos\u00e9 Oper\u00e1rio<\/a><\/li>\n<li><a href=\"http:\/\/coro.paroquiabaixadabanheira.org\/reportorio\/painosso\/pai.nosso.pdf\">Pai Nosso J. Rocha<\/a><\/li>\n<li><a href=\"http:\/\/coro.paroquiabaixadabanheira.org\/reportorio\/diversos\/pai.nosso.que.estais.no.ceu.pdf\">Pai nosso que estais no c\u00e9u<\/a><\/li>\n<\/ul>\n","protected":false},"excerpt":{"rendered":"<p>C\u00e2nticos para o XV Domingo do Tempo Comum \u2013 Ano C\u00a0(Liturgia) Missa Solene\u00a0em Honra do Padroeiro da Par\u00f3quia da Baixa da Banheira \u2013 S. Jos\u00e9 Oper\u00e1rio Entrada: Eis o servo fiel e diligente Acto Penitencial: Kyrie Eleison (Marco Frisina) Gl\u00f3ria: &hellip;<\/p>\n<p class=\"read-more\"> <a class=\"more-link\" href=\"https:\/\/coro.paroquiabaixadabanheira.org\/?p=3107\"> <span class=\"screen-reader-text\">Domingo XV do Tempo Comum<\/span> Read More &raquo;<\/a><\/p>\n","protected":false},"author":3,"featured_media":0,"comment_status":"open","ping_status":"open","sticky":false,"template":"","format":"standard","meta":{"footnotes":""},"categories":[1],"tags":[],"class_list":["post-3107","post","type-post","status-publish","format-standard","hentry","category-uncategorized"],"_links":{"self":[{"href":"https:\/\/coro.paroquiabaixadabanheira.org\/index.php?rest_route=\/wp\/v2\/posts\/3107","targetHints":{"allow":["GET"]}}],"collection":[{"href":"https:\/\/coro.paroquiabaixadabanheira.org\/index.php?rest_route=\/wp\/v2\/posts"}],"about":[{"href":"https:\/\/coro.paroquiabaixadabanheira.org\/index.php?rest_route=\/wp\/v2\/types\/post"}],"author":[{"embeddable":true,"href":"https:\/\/coro.paroquiabaixadabanheira.org\/index.php?rest_route=\/wp\/v2\/users\/3"}],"replies":[{"embeddable":true,"href":"https:\/\/coro.paroquiabaixadabanheira.org\/index.php?rest_route=%2Fwp%2Fv2%2Fcomments&post=3107"}],"version-history":[{"count":2,"href":"https:\/\/coro.paroquiabaixadabanheira.org\/index.php?rest_route=\/wp\/v2\/posts\/3107\/revisions"}],"predecessor-version":[{"id":3109,"href":"https:\/\/coro.paroquiabaixadabanheira.org\/index.php?rest_route=\/wp\/v2\/posts\/3107\/revisions\/3109"}],"wp:attachment":[{"href":"https:\/\/coro.paroquiabaixadabanheira.org\/index.php?rest_route=%2Fwp%2Fv2%2Fmedia&parent=3107"}],"wp:term":[{"taxonomy":"category","embeddable":true,"href":"https:\/\/coro.paroquiabaixadabanheira.org\/index.php?rest_route=%2Fwp%2Fv2%2Fcategories&post=3107"},{"taxonomy":"post_tag","embeddable":true,"href":"https:\/\/coro.paroquiabaixadabanheira.org\/index.php?rest_route=%2Fwp%2Fv2%2Ftags&post=3107"}],"curies":[{"name":"wp","href":"https:\/\/api.w.org\/{rel}","templated":true}]}}