{"id":3115,"date":"2019-07-31T23:43:20","date_gmt":"2019-07-31T23:43:20","guid":{"rendered":"http:\/\/coro.paroquiabaixadabanheira.org\/?p=3115"},"modified":"2019-07-31T23:43:21","modified_gmt":"2019-07-31T23:43:21","slug":"ferias-do-grupo-coral-6","status":"publish","type":"post","link":"https:\/\/coro.paroquiabaixadabanheira.org\/?p=3115","title":{"rendered":"F\u00e9rias do Grupo Coral"},"content":{"rendered":"<p>Chegamos ao m\u00eas de Agosto, m\u00eas que o Grupo Coral cessa temporariamente o servi\u00e7o prestado \u00e0 par\u00f3quia e \u00e0 comunidade por motivo de f\u00e9rias.<\/p>\n<p>Descansem muito para entrar em Setembro com mais for\u00e7a e dedica\u00e7\u00e3o a este servi\u00e7o lit\u00fargico, de forma a superar as dificuldades de cada um e sermos mais positivos.<\/p>\n<p>Ser\u00e3o retomados os ensaios no dia <strong>6 de Setembro,<\/strong> sexta-feira \u00e0s 21h na igreja.<\/p>\n<p>Para os nosso seguidores desejamos tamb\u00e9m\u00a0umas boas f\u00e9rias.<\/p>\n<p>Paz e Bem<\/p>\n","protected":false},"excerpt":{"rendered":"<p>Chegamos ao m\u00eas de Agosto, m\u00eas que o Grupo Coral cessa temporariamente o servi\u00e7o prestado \u00e0 par\u00f3quia e \u00e0 comunidade por motivo de f\u00e9rias. Descansem muito para entrar em Setembro com mais for\u00e7a e dedica\u00e7\u00e3o a este servi\u00e7o lit\u00fargico, de &hellip;<\/p>\n<p class=\"read-more\"> <a class=\"more-link\" href=\"https:\/\/coro.paroquiabaixadabanheira.org\/?p=3115\"> <span class=\"screen-reader-text\">F\u00e9rias do Grupo Coral<\/span> Read More &raquo;<\/a><\/p>\n","protected":false},"author":3,"featured_media":0,"comment_status":"open","ping_status":"open","sticky":false,"template":"","format":"standard","meta":{"footnotes":""},"categories":[1],"tags":[],"class_list":["post-3115","post","type-post","status-publish","format-standard","hentry","category-uncategorized"],"_links":{"self":[{"href":"https:\/\/coro.paroquiabaixadabanheira.org\/index.php?rest_route=\/wp\/v2\/posts\/3115","targetHints":{"allow":["GET"]}}],"collection":[{"href":"https:\/\/coro.paroquiabaixadabanheira.org\/index.php?rest_route=\/wp\/v2\/posts"}],"about":[{"href":"https:\/\/coro.paroquiabaixadabanheira.org\/index.php?rest_route=\/wp\/v2\/types\/post"}],"author":[{"embeddable":true,"href":"https:\/\/coro.paroquiabaixadabanheira.org\/index.php?rest_route=\/wp\/v2\/users\/3"}],"replies":[{"embeddable":true,"href":"https:\/\/coro.paroquiabaixadabanheira.org\/index.php?rest_route=%2Fwp%2Fv2%2Fcomments&post=3115"}],"version-history":[{"count":1,"href":"https:\/\/coro.paroquiabaixadabanheira.org\/index.php?rest_route=\/wp\/v2\/posts\/3115\/revisions"}],"predecessor-version":[{"id":3116,"href":"https:\/\/coro.paroquiabaixadabanheira.org\/index.php?rest_route=\/wp\/v2\/posts\/3115\/revisions\/3116"}],"wp:attachment":[{"href":"https:\/\/coro.paroquiabaixadabanheira.org\/index.php?rest_route=%2Fwp%2Fv2%2Fmedia&parent=3115"}],"wp:term":[{"taxonomy":"category","embeddable":true,"href":"https:\/\/coro.paroquiabaixadabanheira.org\/index.php?rest_route=%2Fwp%2Fv2%2Fcategories&post=3115"},{"taxonomy":"post_tag","embeddable":true,"href":"https:\/\/coro.paroquiabaixadabanheira.org\/index.php?rest_route=%2Fwp%2Fv2%2Ftags&post=3115"}],"curies":[{"name":"wp","href":"https:\/\/api.w.org\/{rel}","templated":true}]}}