{"id":3136,"date":"2019-10-02T23:24:59","date_gmt":"2019-10-02T23:24:59","guid":{"rendered":"http:\/\/coro.paroquiabaixadabanheira.org\/?p=3136"},"modified":"2019-10-02T23:25:00","modified_gmt":"2019-10-02T23:25:00","slug":"domingo-xxvii-do-tempo-comum-8","status":"publish","type":"post","link":"https:\/\/coro.paroquiabaixadabanheira.org\/?p=3136","title":{"rendered":"Domingo XXVII do Tempo Comum"},"content":{"rendered":"<p><strong>C\u00e2nticos para o XXVII Domingo do Tempo Comum \u2013 Ano C<\/strong>\u00a0(<a href=\"http:\/\/www.liturgia.pt\/liturgiadiaria\/dia.php?data=2019-10-6\">Liturgia<\/a>)<\/p>\n<ul>\n<li>Entrada: <a href=\"http:\/\/coro.paroquiabaixadabanheira.org\/reportorio\/entrada\/servi.o.senhor.com.alegria.pdf\">Servi o Senhor com Alegria<\/a><\/li>\n<li>Acto Penitencial:\u00a0 <a href=\"http:\/\/coro.paroquiabaixadabanheira.org\/reportorio\/penitencial\/kyrie.eleison.mario.soroldoni.pdf\">Kyrie Eleison (M\u00e1rio Soroldoni)<\/a><\/li>\n<li>Salmo: 94 <em>(95)<\/em> <a href=\"http:\/\/www.liturgia.pt\/multimedia\/mp3\/SalmosResponsoriais\/159_TC_C_27Dom-HojeSeEscutardes.mp3\"><em>\u201dHoje se escutardes a voz do Senhor, n\u00e3o fecheis os vossos cora\u00e7\u00f5es.<\/em><em>\u201d<\/em><\/a><\/li>\n<li>Aclama\u00e7\u00e3o ao Evangelho:\u00a0<a href=\"http:\/\/coro.paroquiabaixadabanheira.org\/reportorio\/aclama\/aleluia.jota.roux.pdf\">Aleluia\u00a0(J. Roux )<\/a> ou <a href=\"http:\/\/coro.paroquiabaixadabanheira.org\/reportorio\/aclama\/aleluia.james.chepponis.pdf\">Aleluia (James Chepponis)<\/a><strong>\u201cA palavra do Senhor permanece eternamente. Esta \u00e9 a palavra que vos foi anunciada.\u201d<\/strong><\/li>\n<li>Apresenta\u00e7\u00e3o dos Dons: <a href=\"http:\/\/coro.paroquiabaixadabanheira.org\/reportorio\/ofertorio\/senhor.aumentai.a.nossa.fe.pdf\">Senhor aumentai a nossa f\u00e9<\/a><\/li>\n<li>Santo: <a href=\"http:\/\/coro.paroquiabaixadabanheira.org\/reportorio\/santo\/santo.cartageno.pdf\">Santo cartageno<\/a><\/li>\n<li>Fra\u00e7\u00e3o do P\u00e3o: <a href=\"http:\/\/coro.paroquiabaixadabanheira.org\/reportorio\/cordeiro\/cordeiro.cartageno.pdf\">Cordeiro (A. Cartageno)<\/a><\/li>\n<li>Comunh\u00e3o: <a href=\"http:\/\/coro.paroquiabaixadabanheira.org\/reportorio\/comunhao\/formamos.um.so.corpo.pdf\">Formamos um s\u00f3 Corpo<\/a><\/li>\n<li>Ac\u00e7\u00e3o de Gra\u00e7as: <a href=\"http:\/\/coro.paroquiabaixadabanheira.org\/reportorio\/comunhao\/cre.em.jesus.pdf\">Cr\u00ea em Jesus e ser\u00e1s salvo<\/a><\/li>\n<li>Final: <a href=\"http:\/\/coro.paroquiabaixadabanheira.org\/reportorio\/final\/quero.bendizer.vos.cartageno.pdf\">Quero Bendizer-vos <\/a>ou <a href=\"http:\/\/coro.paroquiabaixadabanheira.org\/reportorio\/diversos\/e.tempo.de.ser.esperanca.pdf\">\u00c9 tempo de ser Esperan\u00e7a<\/a><\/li>\n<\/ul>\n<p>Trazer:<\/p>\n<ul>\n<li>\u00a0Todas as musicas do casamento de C\u00e1tia e Pedro<\/li>\n<\/ul>\n","protected":false},"excerpt":{"rendered":"<p>C\u00e2nticos para o XXVII Domingo do Tempo Comum \u2013 Ano C\u00a0(Liturgia) Entrada: Servi o Senhor com Alegria Acto Penitencial:\u00a0 Kyrie Eleison (M\u00e1rio Soroldoni) Salmo: 94 (95) \u201dHoje se escutardes a voz do Senhor, n\u00e3o fecheis os vossos cora\u00e7\u00f5es.\u201d Aclama\u00e7\u00e3o ao &hellip;<\/p>\n<p class=\"read-more\"> <a class=\"more-link\" href=\"https:\/\/coro.paroquiabaixadabanheira.org\/?p=3136\"> <span class=\"screen-reader-text\">Domingo XXVII do Tempo Comum<\/span> Read More &raquo;<\/a><\/p>\n","protected":false},"author":3,"featured_media":0,"comment_status":"open","ping_status":"open","sticky":false,"template":"","format":"standard","meta":{"footnotes":""},"categories":[1],"tags":[],"class_list":["post-3136","post","type-post","status-publish","format-standard","hentry","category-uncategorized"],"_links":{"self":[{"href":"https:\/\/coro.paroquiabaixadabanheira.org\/index.php?rest_route=\/wp\/v2\/posts\/3136","targetHints":{"allow":["GET"]}}],"collection":[{"href":"https:\/\/coro.paroquiabaixadabanheira.org\/index.php?rest_route=\/wp\/v2\/posts"}],"about":[{"href":"https:\/\/coro.paroquiabaixadabanheira.org\/index.php?rest_route=\/wp\/v2\/types\/post"}],"author":[{"embeddable":true,"href":"https:\/\/coro.paroquiabaixadabanheira.org\/index.php?rest_route=\/wp\/v2\/users\/3"}],"replies":[{"embeddable":true,"href":"https:\/\/coro.paroquiabaixadabanheira.org\/index.php?rest_route=%2Fwp%2Fv2%2Fcomments&post=3136"}],"version-history":[{"count":2,"href":"https:\/\/coro.paroquiabaixadabanheira.org\/index.php?rest_route=\/wp\/v2\/posts\/3136\/revisions"}],"predecessor-version":[{"id":3138,"href":"https:\/\/coro.paroquiabaixadabanheira.org\/index.php?rest_route=\/wp\/v2\/posts\/3136\/revisions\/3138"}],"wp:attachment":[{"href":"https:\/\/coro.paroquiabaixadabanheira.org\/index.php?rest_route=%2Fwp%2Fv2%2Fmedia&parent=3136"}],"wp:term":[{"taxonomy":"category","embeddable":true,"href":"https:\/\/coro.paroquiabaixadabanheira.org\/index.php?rest_route=%2Fwp%2Fv2%2Fcategories&post=3136"},{"taxonomy":"post_tag","embeddable":true,"href":"https:\/\/coro.paroquiabaixadabanheira.org\/index.php?rest_route=%2Fwp%2Fv2%2Ftags&post=3136"}],"curies":[{"name":"wp","href":"https:\/\/api.w.org\/{rel}","templated":true}]}}