{"id":3143,"date":"2019-10-16T21:09:31","date_gmt":"2019-10-16T21:09:31","guid":{"rendered":"http:\/\/coro.paroquiabaixadabanheira.org\/?p=3143"},"modified":"2019-10-16T21:09:32","modified_gmt":"2019-10-16T21:09:32","slug":"domingo-xxix-do-tempo-comum-dia-mundial-das-missoes","status":"publish","type":"post","link":"https:\/\/coro.paroquiabaixadabanheira.org\/?p=3143","title":{"rendered":"Domingo XXIX do Tempo Comum-Dia Mundial das Miss\u00f5es"},"content":{"rendered":"<p><strong>C\u00e2nticos para o XXIX Domingo do Tempo Comum \u2013 Ano C<\/strong>\u00a0(<a href=\"http:\/\/liturgia.pt\/liturgiadiaria\/dia.php?data=2019-10-20\">Liturgia<\/a>)<\/p>\n<p><strong>(Dia Mundial das Miss\u00f5es \u2013 Encerramento do Ano Mission\u00e1rio)<\/strong><\/p>\n<ul>\n<li>Entrada: <a href=\"http:\/\/coro.paroquiabaixadabanheira.org\/reportorio\/gracas\/a.tua.palavra.pdf\">\u00c0 Tua Palavra<\/a><\/li>\n<li>Acto Penitencial:\u00a0 <a href=\"http:\/\/coro.paroquiabaixadabanheira.org\/reportorio\/penitencial\/senhor.tem.piedade.de.nos.pdf\">Somos o Teu Povo Pecador<\/a><\/li>\n<li>Salmo: 120 <em>(121)<\/em> <em><a href=\"http:\/\/www.liturgia.pt\/multimedia\/mp3\/SalmosResponsoriais\/161_TC_C_29Dom-ONossoAuxilio.mp3\">&#8220;O nosso aux\u00edlio vem do Senhor, que fez o c\u00e9u e a terra\u201d<\/a><\/em><\/li>\n<li>Aclama\u00e7\u00e3o ao Evangelho: <a href=\"http:\/\/coro.paroquiabaixadabanheira.org\/reportorio\/aclama\/aleluia.pdf\">Aleluia\u00a0(Jos\u00e9 Ant\u00f3nio)<\/a> <strong>&#8221; A palavra de Deus \u00e9 viva e eficaz, <\/strong><br \/>\n<strong>pode discernir os pensamentos e inten\u00e7\u00f5es do cora\u00e7\u00e3o.\u201d<\/strong><\/li>\n<li>Apresenta\u00e7\u00e3o dos Dons: <a href=\"http:\/\/coro.paroquiabaixadabanheira.org\/reportorio\/ofertorio\/oracao.santo.inacio.pdf\">Ora\u00e7\u00e3o de Santo In\u00e1cio<\/a><\/li>\n<li>Santo: <a href=\"http:\/\/coro.paroquiabaixadabanheira.org\/reportorio\/santo\/santo.a.l.webber.pdf\">Santo\u00a0(A. Webber)<\/a><\/li>\n<li>Fra\u00e7\u00e3o do P\u00e3o: <a href=\"http:\/\/coro.paroquiabaixadabanheira.org\/reportorio\/cordeiro\/cordeiro.aragues.pdf\">Cordeiro (Aragues)<\/a><\/li>\n<li>Comunh\u00e3o: <a href=\"http:\/\/coro.paroquiabaixadabanheira.org\/reportorio\/comunhao\/comei.do.pao.pdf\">Comei do P\u00e3o<\/a><\/li>\n<li>Ac\u00e7\u00e3o de Gra\u00e7as: <a href=\"http:\/\/coro.paroquiabaixadabanheira.org\/reportorio\/diversos\/eu.sou.teu.pdf\">Eu Sou Teu<\/a><\/li>\n<li>Final: <a href=\"http:\/\/coro.paroquiabaixadabanheira.org\/reportorio\/final\/quero.ouvir.teu.apelo.senhor.pdf\">Quero Ouvir Teu Apelo Senhor<\/a><\/li>\n<\/ul>\n<p>Trazer:<\/p>\n<ul>\n<li><a href=\"http:\/\/coro.paroquiabaixadabanheira.org\/reportorio\/penitencial\/senhor.misericordia.cartageno.pdf\">Senhor,\u00a0Miseric\u00f3rdia\u00a0(A.Cartageno)<\/a><\/li>\n<li><a href=\"http:\/\/coro.paroquiabaixadabanheira.org\/reportorio\/maria\/mae.de.misericordia.pdf\">M\u00e3e de Miseric\u00f3rdia<\/a><\/li>\n<li><a href=\"http:\/\/coro.paroquiabaixadabanheira.org\/reportorio\/penitencial\/kyrie.eleison.marco.frisina.pdf\">Kyrie Eleison (Marco Frisina)<\/a><\/li>\n<\/ul>\n","protected":false},"excerpt":{"rendered":"<p>C\u00e2nticos para o XXIX Domingo do Tempo Comum \u2013 Ano C\u00a0(Liturgia) (Dia Mundial das Miss\u00f5es \u2013 Encerramento do Ano Mission\u00e1rio) Entrada: \u00c0 Tua Palavra Acto Penitencial:\u00a0 Somos o Teu Povo Pecador Salmo: 120 (121) &#8220;O nosso aux\u00edlio vem do Senhor, &hellip;<\/p>\n<p class=\"read-more\"> <a class=\"more-link\" href=\"https:\/\/coro.paroquiabaixadabanheira.org\/?p=3143\"> <span class=\"screen-reader-text\">Domingo XXIX do Tempo Comum-Dia Mundial das Miss\u00f5es<\/span> Read More &raquo;<\/a><\/p>\n","protected":false},"author":3,"featured_media":0,"comment_status":"open","ping_status":"open","sticky":false,"template":"","format":"standard","meta":{"footnotes":""},"categories":[1],"tags":[],"class_list":["post-3143","post","type-post","status-publish","format-standard","hentry","category-uncategorized"],"_links":{"self":[{"href":"https:\/\/coro.paroquiabaixadabanheira.org\/index.php?rest_route=\/wp\/v2\/posts\/3143","targetHints":{"allow":["GET"]}}],"collection":[{"href":"https:\/\/coro.paroquiabaixadabanheira.org\/index.php?rest_route=\/wp\/v2\/posts"}],"about":[{"href":"https:\/\/coro.paroquiabaixadabanheira.org\/index.php?rest_route=\/wp\/v2\/types\/post"}],"author":[{"embeddable":true,"href":"https:\/\/coro.paroquiabaixadabanheira.org\/index.php?rest_route=\/wp\/v2\/users\/3"}],"replies":[{"embeddable":true,"href":"https:\/\/coro.paroquiabaixadabanheira.org\/index.php?rest_route=%2Fwp%2Fv2%2Fcomments&post=3143"}],"version-history":[{"count":3,"href":"https:\/\/coro.paroquiabaixadabanheira.org\/index.php?rest_route=\/wp\/v2\/posts\/3143\/revisions"}],"predecessor-version":[{"id":3146,"href":"https:\/\/coro.paroquiabaixadabanheira.org\/index.php?rest_route=\/wp\/v2\/posts\/3143\/revisions\/3146"}],"wp:attachment":[{"href":"https:\/\/coro.paroquiabaixadabanheira.org\/index.php?rest_route=%2Fwp%2Fv2%2Fmedia&parent=3143"}],"wp:term":[{"taxonomy":"category","embeddable":true,"href":"https:\/\/coro.paroquiabaixadabanheira.org\/index.php?rest_route=%2Fwp%2Fv2%2Fcategories&post=3143"},{"taxonomy":"post_tag","embeddable":true,"href":"https:\/\/coro.paroquiabaixadabanheira.org\/index.php?rest_route=%2Fwp%2Fv2%2Ftags&post=3143"}],"curies":[{"name":"wp","href":"https:\/\/api.w.org\/{rel}","templated":true}]}}