{"id":3147,"date":"2019-10-23T23:31:24","date_gmt":"2019-10-23T23:31:24","guid":{"rendered":"http:\/\/coro.paroquiabaixadabanheira.org\/?p=3147"},"modified":"2019-10-23T23:31:26","modified_gmt":"2019-10-23T23:31:26","slug":"domingo-xxx-do-tempo-comum-8","status":"publish","type":"post","link":"https:\/\/coro.paroquiabaixadabanheira.org\/?p=3147","title":{"rendered":"Domingo XXX do Tempo Comum"},"content":{"rendered":"<p><strong>C\u00e2nticos para o XXX Domingo do Tempo Comum \u2013 Ano C<\/strong>\u00a0(<a href=\"http:\/\/www.liturgia.pt\/liturgiadiaria\/dia.php?data=2019-10-27\">Liturgia<\/a>)<\/p>\n<ul>\n<li>Entrada: <a href=\"http:\/\/coro.paroquiabaixadabanheira.org\/reportorio\/entrada\/alegrese.o.coracao.pdf\">Alegre-se o cora\u00e7\u00e3o<\/a><\/li>\n<li>Acto Penitencial:\u00a0<a href=\"http:\/\/coro.paroquiabaixadabanheira.org\/reportorio\/penitencial\/senhor.tem.piedade.de.nos.pdf\">Somos o Teu Povo Pecador<\/a><\/li>\n<li>Salmo: 33 <em>(34)<\/em> <a href=\"http:\/\/www.liturgia.pt\/multimedia\/mp3\/SalmosResponsoriais\/159_TC_C_27Dom-HojeSeEscutardes.mp3\"><em>\u201d<\/em><\/a><em><a href=\"http:\/\/www.liturgia.pt\/multimedia\/mp3\/SalmosResponsoriais\/162_TC_C_30Dom-OPobreClamou.mp3\">\u201dO pobre clamou, o Senhor o ouviu \u201d<\/a><\/em><\/li>\n<li>Aclama\u00e7\u00e3o ao Evangelho: <a href=\"http:\/\/coro.paroquiabaixadabanheira.org\/reportorio\/aclama\/aleluia.pdf\">Aleluia\u00a0(Jos\u00e9 Ant\u00f3nio)<\/a> <strong>\u201cDeus estava em Cristo reconciliando o mundo consigo e confiou-nos a palavra da reconcilia\u00e7\u00e3o.\u201d<\/strong><\/li>\n<li>Apresenta\u00e7\u00e3o dos Dons: <a href=\"http:\/\/coro.paroquiabaixadabanheira.org\/reportorio\/ofertorio\/quem.se.exalta.sera.humilhado.pdf\">Quem se exalta ser\u00e1 humilhado<\/a><\/li>\n<li>Santo: <a href=\"http:\/\/coro.paroquiabaixadabanheira.org\/reportorio\/santo\/santo.a.l.webber.pdf\">Santo\u00a0(A. Webber)<\/a><\/li>\n<li>Fra\u00e7\u00e3o do P\u00e3o: <a href=\"http:\/\/coro.paroquiabaixadabanheira.org\/reportorio\/cordeiro\/cordeiro.aragues.pdf\">Cordeiro (Aragues)<\/a><\/li>\n<li>Comunh\u00e3o: <a href=\"http:\/\/coro.paroquiabaixadabanheira.org\/reportorio\/comunhao\/eu.vim.para.que.tenham.vida.pdf\">Eu Vim para que tenham Vida<\/a><\/li>\n<li>Ac\u00e7\u00e3o de Gra\u00e7as: <a href=\"http:\/\/coro.paroquiabaixadabanheira.org\/reportorio\/comunhao\/verbo.de.deus.pdf\">O Verbo de Deus<\/a><\/li>\n<li>Final: <a href=\"http:\/\/coro.paroquiabaixadabanheira.org\/reportorio\/final\/sois.a.semente.pdf\">Sois a Semente<\/a><\/li>\n<\/ul>\n<p>Trazer:<\/p>\n<ul>\n<li><a href=\"http:\/\/coro.paroquiabaixadabanheira.org\/reportorio\/penitencial\/senhor.misericordia.cartageno.pdf\">Senhor,\u00a0Miseric\u00f3rdia\u00a0(A.Cartageno)<\/a><\/li>\n<li><a href=\"http:\/\/coro.paroquiabaixadabanheira.org\/reportorio\/gracas\/bem.aventurados.j.geada.pdf\">Bem-Aventurados (J. Geada)<\/a><\/li>\n<li><a href=\"http:\/\/coro.paroquiabaixadabanheira.org\/reportorio\/diversos\/com.hinos.preces.cantos.pdf\">Com hinos preces e cantos<\/a><\/li>\n<li><a href=\"http:\/\/coro.paroquiabaixadabanheira.org\/reportorio\/penitencial\/kyrie.eleison.marco.frisina.pdf\">Kyrie Eleison (Marco Frisina)<\/a><\/li>\n<\/ul>\n","protected":false},"excerpt":{"rendered":"<p>C\u00e2nticos para o XXX Domingo do Tempo Comum \u2013 Ano C\u00a0(Liturgia) Entrada: Alegre-se o cora\u00e7\u00e3o Acto Penitencial:\u00a0Somos o Teu Povo Pecador Salmo: 33 (34) \u201d\u201dO pobre clamou, o Senhor o ouviu \u201d Aclama\u00e7\u00e3o ao Evangelho: Aleluia\u00a0(Jos\u00e9 Ant\u00f3nio) \u201cDeus estava em &hellip;<\/p>\n<p class=\"read-more\"> <a class=\"more-link\" href=\"https:\/\/coro.paroquiabaixadabanheira.org\/?p=3147\"> <span class=\"screen-reader-text\">Domingo XXX do Tempo Comum<\/span> Read More &raquo;<\/a><\/p>\n","protected":false},"author":3,"featured_media":0,"comment_status":"open","ping_status":"open","sticky":false,"template":"","format":"standard","meta":{"footnotes":""},"categories":[1],"tags":[],"class_list":["post-3147","post","type-post","status-publish","format-standard","hentry","category-uncategorized"],"_links":{"self":[{"href":"https:\/\/coro.paroquiabaixadabanheira.org\/index.php?rest_route=\/wp\/v2\/posts\/3147","targetHints":{"allow":["GET"]}}],"collection":[{"href":"https:\/\/coro.paroquiabaixadabanheira.org\/index.php?rest_route=\/wp\/v2\/posts"}],"about":[{"href":"https:\/\/coro.paroquiabaixadabanheira.org\/index.php?rest_route=\/wp\/v2\/types\/post"}],"author":[{"embeddable":true,"href":"https:\/\/coro.paroquiabaixadabanheira.org\/index.php?rest_route=\/wp\/v2\/users\/3"}],"replies":[{"embeddable":true,"href":"https:\/\/coro.paroquiabaixadabanheira.org\/index.php?rest_route=%2Fwp%2Fv2%2Fcomments&post=3147"}],"version-history":[{"count":2,"href":"https:\/\/coro.paroquiabaixadabanheira.org\/index.php?rest_route=\/wp\/v2\/posts\/3147\/revisions"}],"predecessor-version":[{"id":3149,"href":"https:\/\/coro.paroquiabaixadabanheira.org\/index.php?rest_route=\/wp\/v2\/posts\/3147\/revisions\/3149"}],"wp:attachment":[{"href":"https:\/\/coro.paroquiabaixadabanheira.org\/index.php?rest_route=%2Fwp%2Fv2%2Fmedia&parent=3147"}],"wp:term":[{"taxonomy":"category","embeddable":true,"href":"https:\/\/coro.paroquiabaixadabanheira.org\/index.php?rest_route=%2Fwp%2Fv2%2Fcategories&post=3147"},{"taxonomy":"post_tag","embeddable":true,"href":"https:\/\/coro.paroquiabaixadabanheira.org\/index.php?rest_route=%2Fwp%2Fv2%2Ftags&post=3147"}],"curies":[{"name":"wp","href":"https:\/\/api.w.org\/{rel}","templated":true}]}}