{"id":3151,"date":"2019-10-27T23:37:18","date_gmt":"2019-10-27T23:37:18","guid":{"rendered":"http:\/\/coro.paroquiabaixadabanheira.org\/?p=3151"},"modified":"2019-10-30T23:38:06","modified_gmt":"2019-10-30T23:38:06","slug":"visita-pastoral-do-bispo-d-jose-ornelas","status":"publish","type":"post","link":"https:\/\/coro.paroquiabaixadabanheira.org\/?p=3151","title":{"rendered":"Visita Pastoral do Bispo D. Jos\u00e9 Ornelas"},"content":{"rendered":"<p>O Bispo D. Jos\u00e9 Ornelas ir\u00e1 visitar a paroquia da Baixa da Banheira entre o dia 29 de Outubro a 2 de Novembro, no \u00e2mbito do tri\u00e9nio dedicado \u00e0 Juventude na Diocese de Set\u00fabal.(<a href=\"https:\/\/www.youtube.com\/watch?v=BYdBGaaMsWo\">ver v\u00eddeo<\/a>)<\/p>\n<p>Das diversas actividades que ir\u00e1 ter nessa semana, estamos todos convidados a participar na Assembleia Paroquial no dia 29 de Outubro \u00e1s 21h00 no sal\u00e3o. Cada grupo, movimento e servi\u00e7o da paroquia ir\u00e1 se apresentar ao Bispo, dando a conhecer a raz\u00e3o de ser do grupo na comunidade, realiza\u00e7\u00f5es e dificuldades do grupo e interpela\u00e7\u00e3o que o grupo julgue necess\u00e1rio apresentar \u00e0 igreja.<\/p>\n<p>No programa da visita pastoral, vai ser acompanhada pelo Departamento da Juventude da Diocese de Set\u00fabal, incluindo encontros do Bispo diocesano com os grupos e movimentos juvenis das par\u00f3quias, vig\u00edlias de ora\u00e7\u00e3o, workshops e forma\u00e7\u00f5es, terminando com Eucaristia de envio e compromisso. D. Jos\u00e9 Ornelas ter\u00e1, tamb\u00e9m, encontros com jovens nas escolas e em diferentes associa\u00e7\u00f5es juvenis e coletividades. <a href=\"https:\/\/diocese-setubal.pt\/2019\/10\/30\/visita-pastoral-baixa-da-banheira-29-de-outubro-a-03-de-novembro-programa\/\">(ver programa)<\/a><\/p>\n","protected":false},"excerpt":{"rendered":"<p>O Bispo D. Jos\u00e9 Ornelas ir\u00e1 visitar a paroquia da Baixa da Banheira entre o dia 29 de Outubro a 2 de Novembro, no \u00e2mbito do tri\u00e9nio dedicado \u00e0 Juventude na Diocese de Set\u00fabal.(ver v\u00eddeo) Das diversas actividades que ir\u00e1 &hellip;<\/p>\n<p class=\"read-more\"> <a class=\"more-link\" href=\"https:\/\/coro.paroquiabaixadabanheira.org\/?p=3151\"> <span class=\"screen-reader-text\">Visita Pastoral do Bispo D. Jos\u00e9 Ornelas<\/span> Read More &raquo;<\/a><\/p>\n","protected":false},"author":3,"featured_media":0,"comment_status":"open","ping_status":"open","sticky":false,"template":"","format":"standard","meta":{"footnotes":""},"categories":[1],"tags":[],"class_list":["post-3151","post","type-post","status-publish","format-standard","hentry","category-uncategorized"],"_links":{"self":[{"href":"https:\/\/coro.paroquiabaixadabanheira.org\/index.php?rest_route=\/wp\/v2\/posts\/3151","targetHints":{"allow":["GET"]}}],"collection":[{"href":"https:\/\/coro.paroquiabaixadabanheira.org\/index.php?rest_route=\/wp\/v2\/posts"}],"about":[{"href":"https:\/\/coro.paroquiabaixadabanheira.org\/index.php?rest_route=\/wp\/v2\/types\/post"}],"author":[{"embeddable":true,"href":"https:\/\/coro.paroquiabaixadabanheira.org\/index.php?rest_route=\/wp\/v2\/users\/3"}],"replies":[{"embeddable":true,"href":"https:\/\/coro.paroquiabaixadabanheira.org\/index.php?rest_route=%2Fwp%2Fv2%2Fcomments&post=3151"}],"version-history":[{"count":2,"href":"https:\/\/coro.paroquiabaixadabanheira.org\/index.php?rest_route=\/wp\/v2\/posts\/3151\/revisions"}],"predecessor-version":[{"id":3156,"href":"https:\/\/coro.paroquiabaixadabanheira.org\/index.php?rest_route=\/wp\/v2\/posts\/3151\/revisions\/3156"}],"wp:attachment":[{"href":"https:\/\/coro.paroquiabaixadabanheira.org\/index.php?rest_route=%2Fwp%2Fv2%2Fmedia&parent=3151"}],"wp:term":[{"taxonomy":"category","embeddable":true,"href":"https:\/\/coro.paroquiabaixadabanheira.org\/index.php?rest_route=%2Fwp%2Fv2%2Fcategories&post=3151"},{"taxonomy":"post_tag","embeddable":true,"href":"https:\/\/coro.paroquiabaixadabanheira.org\/index.php?rest_route=%2Fwp%2Fv2%2Ftags&post=3151"}],"curies":[{"name":"wp","href":"https:\/\/api.w.org\/{rel}","templated":true}]}}