{"id":3203,"date":"2019-12-12T00:40:40","date_gmt":"2019-12-12T00:40:40","guid":{"rendered":"http:\/\/coro.paroquiabaixadabanheira.org\/?p=3203"},"modified":"2019-12-12T00:40:41","modified_gmt":"2019-12-12T00:40:41","slug":"domingo-iii-do-advento-11","status":"publish","type":"post","link":"https:\/\/coro.paroquiabaixadabanheira.org\/?p=3203","title":{"rendered":"Domingo III do Advento"},"content":{"rendered":"<p><strong>C\u00e2nticos para o III Domingo do Advento\u2013 Ano A<\/strong>\u00a0(<a href=\"http:\/\/www.liturgia.pt\/liturgiadiaria\/dia.php?data=2019-12-15\">Liturgia<\/a>)<\/p>\n<ul>\n<li>Entrada: <a href=\"http:\/\/coro.paroquiabaixadabanheira.org\/reportorio\/advento\/alegraivos.sempre.pdf\">Alegrai-vos Sempre<\/a><\/li>\n<li>Coroa do Advento: <a href=\"http:\/\/coro.paroquiabaixadabanheira.org\/reportorio\/advento\/a.luz.de.cristo.vira.pdf\">A luz de Cristo vir\u00e1<\/a><\/li>\n<li>Salmo 145 (<em>146<\/em>) <a href=\"http:\/\/www.liturgia.pt\/multimedia\/mp3\/SalmosResponsoriais\/003_Adv03AIIIDom-VindeSenhor.mp3\"><em>\u201d Vinde, Senhor, e salvai-nos!\u201d<\/em><\/a><\/li>\n<li>Aclama\u00e7\u00e3o ao Evangelho:\u00a0<a href=\"http:\/\/coro.paroquiabaixadabanheira.org\/reportorio\/carismaticos\/aleluia.pdf\">Aleluia M. Marques<\/a> <strong>\u201cO Esp\u00edrito do Senhor est\u00e1 sobre mim: enviou-me a anunciar a boa nova aos pobres.\u201d<\/strong><\/li>\n<li>Apresenta\u00e7\u00e3o dos Dons: <a href=\"http:\/\/coro.paroquiabaixadabanheira.org\/reportorio\/advento\/descei.sr.jesus.pdf\">Descei, Senhor Jesus (Excelso Criador)<\/a><\/li>\n<li>Santo: <a href=\"http:\/\/coro.paroquiabaixadabanheira.org\/reportorio\/santo\/santo.j.paulo.abreu.pdf\">Santo\u00a0(Jos\u00e9 Abreu)<\/a><\/li>\n<li>Fra\u00e7\u00e3o do P\u00e3o: <a href=\"http:\/\/coro.paroquiabaixadabanheira.org\/reportorio\/cordeiro\/cordeiro.olindo.marques.pdf\">Cordeiro\u00a0(Olindo Marques)<\/a><\/li>\n<li>Comunh\u00e3o: <a href=\"http:\/\/coro.paroquiabaixadabanheira.org\/reportorio\/advento\/dizei.aos.desanimados.pdf\">Dizei aos Desanimados<\/a><\/li>\n<li>Ac\u00e7\u00e3o de Gra\u00e7as: <a href=\"http:\/\/coro.paroquiabaixadabanheira.org\/reportorio\/advento\/ave.senhora.do.advento.pdf\">Av\u00e9, Senhora do Advento<\/a><\/li>\n<li>Final: <a href=\"http:\/\/coro.paroquiabaixadabanheira.org\/reportorio\/diversos\/o.profeta.pdf\">O Profeta<\/a><\/li>\n<\/ul>\n<p>Trazer:<\/p>\n<ul>\n<li><a href=\"http:\/\/coro.paroquiabaixadabanheira.org\/reportorio\/advento\/a.virgem.concebera.pdf\">A Virgem Conceber\u00e1<\/a><\/li>\n<li>As musicas do Natal<\/li>\n<\/ul>\n","protected":false},"excerpt":{"rendered":"<p>C\u00e2nticos para o III Domingo do Advento\u2013 Ano A\u00a0(Liturgia) Entrada: Alegrai-vos Sempre Coroa do Advento: A luz de Cristo vir\u00e1 Salmo 145 (146) \u201d Vinde, Senhor, e salvai-nos!\u201d Aclama\u00e7\u00e3o ao Evangelho:\u00a0Aleluia M. Marques \u201cO Esp\u00edrito do Senhor est\u00e1 sobre mim: &hellip;<\/p>\n<p class=\"read-more\"> <a class=\"more-link\" href=\"https:\/\/coro.paroquiabaixadabanheira.org\/?p=3203\"> <span class=\"screen-reader-text\">Domingo III do Advento<\/span> Read More &raquo;<\/a><\/p>\n","protected":false},"author":3,"featured_media":0,"comment_status":"open","ping_status":"open","sticky":false,"template":"","format":"standard","meta":{"footnotes":""},"categories":[1],"tags":[],"class_list":["post-3203","post","type-post","status-publish","format-standard","hentry","category-uncategorized"],"_links":{"self":[{"href":"https:\/\/coro.paroquiabaixadabanheira.org\/index.php?rest_route=\/wp\/v2\/posts\/3203","targetHints":{"allow":["GET"]}}],"collection":[{"href":"https:\/\/coro.paroquiabaixadabanheira.org\/index.php?rest_route=\/wp\/v2\/posts"}],"about":[{"href":"https:\/\/coro.paroquiabaixadabanheira.org\/index.php?rest_route=\/wp\/v2\/types\/post"}],"author":[{"embeddable":true,"href":"https:\/\/coro.paroquiabaixadabanheira.org\/index.php?rest_route=\/wp\/v2\/users\/3"}],"replies":[{"embeddable":true,"href":"https:\/\/coro.paroquiabaixadabanheira.org\/index.php?rest_route=%2Fwp%2Fv2%2Fcomments&post=3203"}],"version-history":[{"count":1,"href":"https:\/\/coro.paroquiabaixadabanheira.org\/index.php?rest_route=\/wp\/v2\/posts\/3203\/revisions"}],"predecessor-version":[{"id":3204,"href":"https:\/\/coro.paroquiabaixadabanheira.org\/index.php?rest_route=\/wp\/v2\/posts\/3203\/revisions\/3204"}],"wp:attachment":[{"href":"https:\/\/coro.paroquiabaixadabanheira.org\/index.php?rest_route=%2Fwp%2Fv2%2Fmedia&parent=3203"}],"wp:term":[{"taxonomy":"category","embeddable":true,"href":"https:\/\/coro.paroquiabaixadabanheira.org\/index.php?rest_route=%2Fwp%2Fv2%2Fcategories&post=3203"},{"taxonomy":"post_tag","embeddable":true,"href":"https:\/\/coro.paroquiabaixadabanheira.org\/index.php?rest_route=%2Fwp%2Fv2%2Ftags&post=3203"}],"curies":[{"name":"wp","href":"https:\/\/api.w.org\/{rel}","templated":true}]}}