{"id":3219,"date":"2019-12-22T00:33:05","date_gmt":"2019-12-22T00:33:05","guid":{"rendered":"http:\/\/coro.paroquiabaixadabanheira.org\/?p=3219"},"modified":"2019-12-22T00:35:29","modified_gmt":"2019-12-22T00:35:29","slug":"quatro-missas-de-natal","status":"publish","type":"post","link":"https:\/\/coro.paroquiabaixadabanheira.org\/?p=3219","title":{"rendered":"Quatro Missas de Natal"},"content":{"rendered":"<p style=\"text-align: left;\">\u00abDa Roma papal do s\u00e9culo VII, o costume das v\u00e1rias Missas do Natal divulgou-se fora da cidade, (&#8230;) E assim o Dia de Natal ficou, desde ent\u00e3o, enriquecido com formul\u00e1rios de v\u00e1rias Missas, que ainda hoje se conserva.\u00bb<\/p>\n<p><span style=\"color: #3366ff;\"><strong>Missa da Vig\u00edlia:<\/strong><\/span> \u00ab(&#8230;) a primeira, a que o Missal chama Missa da Vig\u00edlia, para ser celebrada na tarde do dia 24, antes ou depois das Primeiras V\u00e9speras da Solenidade. \u00c9 esta a Missa que ser\u00e1 celebrada como Missa vespertina. Celebrada, antes da recente reforma lit\u00fargica, na manh\u00e3 do dia 24, quando a express\u00e3o Vig\u00edlia designava simplesmente o dia anterior a uma solenidade, sempre como prepara\u00e7\u00e3o para ela, essa Missa revestia ent\u00e3o certo car\u00e1cter penitencial (&#8230;) Hoje essa Missa \u00e9 festiva; \u00e9 a primeira Missa do Natal.\u00bb<\/p>\n<p><strong><span style=\"color: #3366ff;\">Missa da Noite:<\/span> <\/strong>\u00ab(&#8230;) a Missa da Noite come\u00e7ou por ser a conclus\u00e3o da vig\u00edlia nocturna celebrada em Roma. (&#8230;) Esta Missa \u00e9, de noite, na continua\u00e7\u00e3o da Vig\u00edlia que \u00e9 louv\u00e1vel celebrar (cf. IGLH 71, 215) (&#8230;) A Missa da noite (&#8230;) recebeu o nome, que se tornou tradicional, de Missa do Galo. O nome \u00e9 a apenas uma indica\u00e7\u00e3o da hora a que ela \u00e9 celebrada.\u00bb Na divis\u00e3o da noite, dos antigos, em quatro vig\u00edlias, \u00aba terceira vig\u00edlia, que come\u00e7ava \u00e0 meia noite, era chamada a do cantar do galo, por ser nesse espa\u00e7o de tempo que os galos come\u00e7avam a cantar.\u00bb<\/p>\n<p><strong><span style=\"color: #3366ff;\">Missa da Aurora:<\/span><\/strong> \u00abA Missa da Aurora foi, na origem, uma Missa, n\u00e3o do Natal mas em honra da m\u00e1rtir da Igreja do Oriente S. An\u00e1st\u00e1cia, celebrada em Roma, neste dia de anivers\u00e1rio do seu mart\u00edrio.\u00bb Visto que o Papa presidia a todas as celebra\u00e7\u00f5es, esta era celebrada logo na aurora, para que este estivesse dispon\u00edvel para a Missa do Dia, na Bas\u00edlia de S\u00e3o Pedro. No tempo do \u00abPapa S. Greg\u00f3rio a Missa da Aurora recebeu textos referentes ao Natal do Senhor\u00bb.<\/p>\n<p><strong><span style=\"color: #3366ff;\">Missa do Dia:<\/span><\/strong> \u00abA Missa do Dia, \u00e9, como se disse, a principal, a verdadeira e tradicional Missa maior da Solenidade do Natal do Senhor, como a hist\u00f3ria do passado e os textos do presente o atestam.\u00bb<\/p>\n<p style=\"text-align: right;\"><em>(Ferreira, Jos\u00e9, A Celebra\u00e7\u00e3o Lit\u00fargica do Natal do Senhor in A Celebra\u00e7\u00e3o do Mist\u00e9rio do Natal, 3\u00aa edi\u00e7\u00e3o, pp 93-95, F\u00e1tima, Secretariado Nacional de Liturgia, 2018)<\/em><\/p>\n","protected":false},"excerpt":{"rendered":"<p>\u00abDa Roma papal do s\u00e9culo VII, o costume das v\u00e1rias Missas do Natal divulgou-se fora da cidade, (&#8230;) E assim o Dia de Natal ficou, desde ent\u00e3o, enriquecido com formul\u00e1rios de v\u00e1rias Missas, que ainda hoje se conserva.\u00bb Missa da &hellip;<\/p>\n<p class=\"read-more\"> <a class=\"more-link\" href=\"https:\/\/coro.paroquiabaixadabanheira.org\/?p=3219\"> <span class=\"screen-reader-text\">Quatro Missas de Natal<\/span> Read More &raquo;<\/a><\/p>\n","protected":false},"author":3,"featured_media":0,"comment_status":"open","ping_status":"open","sticky":false,"template":"","format":"standard","meta":{"footnotes":""},"categories":[1],"tags":[],"class_list":["post-3219","post","type-post","status-publish","format-standard","hentry","category-uncategorized"],"_links":{"self":[{"href":"https:\/\/coro.paroquiabaixadabanheira.org\/index.php?rest_route=\/wp\/v2\/posts\/3219","targetHints":{"allow":["GET"]}}],"collection":[{"href":"https:\/\/coro.paroquiabaixadabanheira.org\/index.php?rest_route=\/wp\/v2\/posts"}],"about":[{"href":"https:\/\/coro.paroquiabaixadabanheira.org\/index.php?rest_route=\/wp\/v2\/types\/post"}],"author":[{"embeddable":true,"href":"https:\/\/coro.paroquiabaixadabanheira.org\/index.php?rest_route=\/wp\/v2\/users\/3"}],"replies":[{"embeddable":true,"href":"https:\/\/coro.paroquiabaixadabanheira.org\/index.php?rest_route=%2Fwp%2Fv2%2Fcomments&post=3219"}],"version-history":[{"count":6,"href":"https:\/\/coro.paroquiabaixadabanheira.org\/index.php?rest_route=\/wp\/v2\/posts\/3219\/revisions"}],"predecessor-version":[{"id":3225,"href":"https:\/\/coro.paroquiabaixadabanheira.org\/index.php?rest_route=\/wp\/v2\/posts\/3219\/revisions\/3225"}],"wp:attachment":[{"href":"https:\/\/coro.paroquiabaixadabanheira.org\/index.php?rest_route=%2Fwp%2Fv2%2Fmedia&parent=3219"}],"wp:term":[{"taxonomy":"category","embeddable":true,"href":"https:\/\/coro.paroquiabaixadabanheira.org\/index.php?rest_route=%2Fwp%2Fv2%2Fcategories&post=3219"},{"taxonomy":"post_tag","embeddable":true,"href":"https:\/\/coro.paroquiabaixadabanheira.org\/index.php?rest_route=%2Fwp%2Fv2%2Ftags&post=3219"}],"curies":[{"name":"wp","href":"https:\/\/api.w.org\/{rel}","templated":true}]}}