{"id":3306,"date":"2020-03-14T20:24:37","date_gmt":"2020-03-14T20:24:37","guid":{"rendered":"http:\/\/coro.paroquiabaixadabanheira.org\/?p=3306"},"modified":"2020-03-22T22:30:34","modified_gmt":"2020-03-22T22:30:34","slug":"covid-19-suspensao-comunitaria-das-missas","status":"publish","type":"post","link":"https:\/\/coro.paroquiabaixadabanheira.org\/?p=3306","title":{"rendered":"Covid-19 &#8211; Suspens\u00e3o Comunit\u00e1ria das Missas"},"content":{"rendered":"<p>A Confer\u00eancia Episcopal Portuguesa (CEP) determinou a suspens\u00e3o da celebra\u00e7\u00e3o comunit\u00e1ria das Missas, at\u00e9 \u201cser superada atual situa\u00e7\u00e3o de emerg\u00eancia\u201d. Em conformidade com estas orienta\u00e7\u00f5es, na Diocese de Set\u00fabal, as celebra\u00e7\u00f5es ficam suspensas a partir deste s\u00e1bado, dia 14 de Mar\u00e7o.<\/p>\n<p><strong>Em conson\u00e2ncia com as indica\u00e7\u00f5es do Governo, Autoridades de Sa\u00fade e Confer\u00eancia Episcopal Portuguesa, o nosso grupo coral ir\u00e1 suspender os ensaios at\u00e9 ser levantado a suspens\u00e3o da celebra\u00e7\u00e3o comunit\u00e1ria das Missas. Informo que o casamento que estava marcado para o dia 4 de Abril foi adiado para data ainda a definir.<\/strong><\/p>\n<p><a href=\"https:\/\/diocese-setubal.pt\/2020\/03\/14\/covid-19-atualizacao-da-nota-pastoral-sobre-a-atual-situacao-de-saude-publica\/\">Nota Pastoral da Diocese de Set\u00fabal &#8211; ver<\/a><\/p>\n<p><strong>Igreja em rede<\/strong> &#8211; A Diocese de Set\u00fabal vai disponibilizar atrav\u00e9s dos seus canais de comunica\u00e7\u00e3o digital um conjunto de conte\u00fados e transmiss\u00f5es para acompanhamento da Eucaristia.<\/p>\n<p><a href=\"https:\/\/diocese-setubal.pt\/2020\/03\/14\/igreja-em-rede-diocese-de-setubal-propoe-itinerario-de-oracao-formacao-e-celebracao-em-ambiente-digital\/\">Ver hor\u00e1rios e links para acesso \u00e0 transmiss\u00e3o <em>online<\/em> da Eucaristia na Diocese de Set\u00fabal de Segunda a Domingo.<\/a><\/p>\n<p>O Patriarcado de Lisboa tamb\u00e9m disponibiliza o hor\u00e1rio das celebra\u00e7\u00f5es lit\u00fargicas que s\u00e3o transmitidas online e\/ou pela r\u00e1dio e televis\u00e3o. <a href=\"http:\/\/www.patriarcado-lisboa.pt\/site\/index.php?id=10407\">Ver p\u00e1gina<\/a><\/p>\n<p>Hor\u00e1rio das celebra\u00e7\u00f5es lit\u00fargicas que s\u00e3o transmitidas online a n\u00edvel nacional. <a href=\"https:\/\/ocantonaliturgia.blogspot.com\/2019\/03\/missas-online.html\">Ver p\u00e1gina<\/a><\/p>\n","protected":false},"excerpt":{"rendered":"<p>A Confer\u00eancia Episcopal Portuguesa (CEP) determinou a suspens\u00e3o da celebra\u00e7\u00e3o comunit\u00e1ria das Missas, at\u00e9 \u201cser superada atual situa\u00e7\u00e3o de emerg\u00eancia\u201d. Em conformidade com estas orienta\u00e7\u00f5es, na Diocese de Set\u00fabal, as celebra\u00e7\u00f5es ficam suspensas a partir deste s\u00e1bado, dia 14 de &hellip;<\/p>\n<p class=\"read-more\"> <a class=\"more-link\" href=\"https:\/\/coro.paroquiabaixadabanheira.org\/?p=3306\"> <span class=\"screen-reader-text\">Covid-19 &#8211; Suspens\u00e3o Comunit\u00e1ria das Missas<\/span> Read More &raquo;<\/a><\/p>\n","protected":false},"author":3,"featured_media":0,"comment_status":"open","ping_status":"open","sticky":false,"template":"","format":"standard","meta":{"footnotes":""},"categories":[1],"tags":[],"class_list":["post-3306","post","type-post","status-publish","format-standard","hentry","category-uncategorized"],"_links":{"self":[{"href":"https:\/\/coro.paroquiabaixadabanheira.org\/index.php?rest_route=\/wp\/v2\/posts\/3306","targetHints":{"allow":["GET"]}}],"collection":[{"href":"https:\/\/coro.paroquiabaixadabanheira.org\/index.php?rest_route=\/wp\/v2\/posts"}],"about":[{"href":"https:\/\/coro.paroquiabaixadabanheira.org\/index.php?rest_route=\/wp\/v2\/types\/post"}],"author":[{"embeddable":true,"href":"https:\/\/coro.paroquiabaixadabanheira.org\/index.php?rest_route=\/wp\/v2\/users\/3"}],"replies":[{"embeddable":true,"href":"https:\/\/coro.paroquiabaixadabanheira.org\/index.php?rest_route=%2Fwp%2Fv2%2Fcomments&post=3306"}],"version-history":[{"count":3,"href":"https:\/\/coro.paroquiabaixadabanheira.org\/index.php?rest_route=\/wp\/v2\/posts\/3306\/revisions"}],"predecessor-version":[{"id":3314,"href":"https:\/\/coro.paroquiabaixadabanheira.org\/index.php?rest_route=\/wp\/v2\/posts\/3306\/revisions\/3314"}],"wp:attachment":[{"href":"https:\/\/coro.paroquiabaixadabanheira.org\/index.php?rest_route=%2Fwp%2Fv2%2Fmedia&parent=3306"}],"wp:term":[{"taxonomy":"category","embeddable":true,"href":"https:\/\/coro.paroquiabaixadabanheira.org\/index.php?rest_route=%2Fwp%2Fv2%2Fcategories&post=3306"},{"taxonomy":"post_tag","embeddable":true,"href":"https:\/\/coro.paroquiabaixadabanheira.org\/index.php?rest_route=%2Fwp%2Fv2%2Ftags&post=3306"}],"curies":[{"name":"wp","href":"https:\/\/api.w.org\/{rel}","templated":true}]}}