{"id":3311,"date":"2020-03-22T22:25:10","date_gmt":"2020-03-22T22:25:10","guid":{"rendered":"http:\/\/coro.paroquiabaixadabanheira.org\/?p=3311"},"modified":"2020-03-22T22:25:11","modified_gmt":"2020-03-22T22:25:11","slug":"celebrar-e-rezar-em-tempo-de-epidemia","status":"publish","type":"post","link":"https:\/\/coro.paroquiabaixadabanheira.org\/?p=3311","title":{"rendered":"Celebrar e rezar em tempo de epidemia"},"content":{"rendered":"<p><strong>Do Secretariado Nacional de Liturgia<\/strong><\/p>\n<p>&#8220;A in\u00e9dita impossibilidade de celebrar em assembleia a Eucaristia \u2013 fonte e cume da vida crist\u00e3 (cf. SC 10) \u2013, n\u00e3o coincide contudo com a impossibilidade de entrar em comunh\u00e3o com o Senhor e o seu mist\u00e9rio de salva\u00e7\u00e3o.&#8221;<\/p>\n<p>&#8220;Para favorecer a escuta orante da Palavra de Deus, conduzidos pela m\u00e3o da liturgia da Igreja e pelo caminho do Ano lit\u00fargico, \u00e9 oferecido pelo Secretariado Nacional de Liturgia um gui\u00e3o gratuito, que de semana em semana ser\u00e1 enriquecido com textos e reflex\u00f5es&#8221;<\/p>\n<p>Atrav\u00e9s do site <a href=\"http:\/\/www.liturgia.pt\/\">www.liturgia.pt<\/a> pode efectuar o download.<\/p>\n<p>&#8220;Para cada domingo propor-se-\u00e1 uma ficha para a ora\u00e7\u00e3o e a reflex\u00e3o pessoal ou familiar em sintonia com a liturgia do dia. Ser\u00e3o tamb\u00e9m oferecidos outros textos para a ora\u00e7\u00e3o. Sugere-se, desde j\u00e1, a utiliza\u00e7\u00e3o da Liturgia das Horas, usufruindo \u2013 se se considerar oportuno \u2013 da App iBreviary que \u00e9 poss\u00edvel descarregar gratuitamente na vers\u00e3o portuguesa e que disponibiliza todos os textos oficiais para tal necess\u00e1rios e outros ainda como as leituras da Missa de cada dia e ora\u00e7\u00f5es variadas&#8221;<\/p>\n","protected":false},"excerpt":{"rendered":"<p>Do Secretariado Nacional de Liturgia &#8220;A in\u00e9dita impossibilidade de celebrar em assembleia a Eucaristia \u2013 fonte e cume da vida crist\u00e3 (cf. SC 10) \u2013, n\u00e3o coincide contudo com a impossibilidade de entrar em comunh\u00e3o com o Senhor e o &hellip;<\/p>\n<p class=\"read-more\"> <a class=\"more-link\" href=\"https:\/\/coro.paroquiabaixadabanheira.org\/?p=3311\"> <span class=\"screen-reader-text\">Celebrar e rezar em tempo de epidemia<\/span> Read More &raquo;<\/a><\/p>\n","protected":false},"author":3,"featured_media":0,"comment_status":"open","ping_status":"open","sticky":false,"template":"","format":"standard","meta":{"footnotes":""},"categories":[1],"tags":[],"class_list":["post-3311","post","type-post","status-publish","format-standard","hentry","category-uncategorized"],"_links":{"self":[{"href":"https:\/\/coro.paroquiabaixadabanheira.org\/index.php?rest_route=\/wp\/v2\/posts\/3311","targetHints":{"allow":["GET"]}}],"collection":[{"href":"https:\/\/coro.paroquiabaixadabanheira.org\/index.php?rest_route=\/wp\/v2\/posts"}],"about":[{"href":"https:\/\/coro.paroquiabaixadabanheira.org\/index.php?rest_route=\/wp\/v2\/types\/post"}],"author":[{"embeddable":true,"href":"https:\/\/coro.paroquiabaixadabanheira.org\/index.php?rest_route=\/wp\/v2\/users\/3"}],"replies":[{"embeddable":true,"href":"https:\/\/coro.paroquiabaixadabanheira.org\/index.php?rest_route=%2Fwp%2Fv2%2Fcomments&post=3311"}],"version-history":[{"count":1,"href":"https:\/\/coro.paroquiabaixadabanheira.org\/index.php?rest_route=\/wp\/v2\/posts\/3311\/revisions"}],"predecessor-version":[{"id":3312,"href":"https:\/\/coro.paroquiabaixadabanheira.org\/index.php?rest_route=\/wp\/v2\/posts\/3311\/revisions\/3312"}],"wp:attachment":[{"href":"https:\/\/coro.paroquiabaixadabanheira.org\/index.php?rest_route=%2Fwp%2Fv2%2Fmedia&parent=3311"}],"wp:term":[{"taxonomy":"category","embeddable":true,"href":"https:\/\/coro.paroquiabaixadabanheira.org\/index.php?rest_route=%2Fwp%2Fv2%2Fcategories&post=3311"},{"taxonomy":"post_tag","embeddable":true,"href":"https:\/\/coro.paroquiabaixadabanheira.org\/index.php?rest_route=%2Fwp%2Fv2%2Ftags&post=3311"}],"curies":[{"name":"wp","href":"https:\/\/api.w.org\/{rel}","templated":true}]}}