{"id":3315,"date":"2020-03-22T22:43:39","date_gmt":"2020-03-22T22:43:39","guid":{"rendered":"http:\/\/coro.paroquiabaixadabanheira.org\/?p=3315"},"modified":"2020-03-22T22:43:41","modified_gmt":"2020-03-22T22:43:41","slug":"vaticano-anuncia-modificacoes-as-celebracoes-da-semana-santa","status":"publish","type":"post","link":"https:\/\/coro.paroquiabaixadabanheira.org\/?p=3315","title":{"rendered":"Vaticano anuncia modifica\u00e7\u00f5es \u00e0s celebra\u00e7\u00f5es da Semana Santa"},"content":{"rendered":"<p style=\"text-align: left;\">&#8220;A Congrega\u00e7\u00e3o para o Culto Divino e a Disciplina dos Sacramentos da Santa S\u00e9 emitiu um decreto sobre as celebra\u00e7\u00f5es da Semana Santa e do Tr\u00edduo Pascal, nos pa\u00edses afetados pela pandemia do Covid-19.&#8221; <a href=\"https:\/\/www.patriarcado-lisboa.pt\/site\/index.php?id=10416\">Ver mais<\/a><\/p>\n<p><a href=\"https:\/\/www.patriarcado-lisboa.pt\/site\/index.php?cont_=40&amp;id=10417&amp;tem=471\">Decreto da Santa S\u00e9.<\/a><\/p>\n<p style=\"text-align: right;\"><em>in Patriarcado de Lisboa<\/em><\/p>\n","protected":false},"excerpt":{"rendered":"<p>&#8220;A Congrega\u00e7\u00e3o para o Culto Divino e a Disciplina dos Sacramentos da Santa S\u00e9 emitiu um decreto sobre as celebra\u00e7\u00f5es da Semana Santa e do Tr\u00edduo Pascal, nos pa\u00edses afetados pela pandemia do Covid-19.&#8221; Ver mais Decreto da Santa S\u00e9. &hellip;<\/p>\n<p class=\"read-more\"> <a class=\"more-link\" href=\"https:\/\/coro.paroquiabaixadabanheira.org\/?p=3315\"> <span class=\"screen-reader-text\">Vaticano anuncia modifica\u00e7\u00f5es \u00e0s celebra\u00e7\u00f5es da Semana Santa<\/span> Read More &raquo;<\/a><\/p>\n","protected":false},"author":3,"featured_media":0,"comment_status":"open","ping_status":"open","sticky":false,"template":"","format":"standard","meta":{"footnotes":""},"categories":[1],"tags":[],"class_list":["post-3315","post","type-post","status-publish","format-standard","hentry","category-uncategorized"],"_links":{"self":[{"href":"https:\/\/coro.paroquiabaixadabanheira.org\/index.php?rest_route=\/wp\/v2\/posts\/3315","targetHints":{"allow":["GET"]}}],"collection":[{"href":"https:\/\/coro.paroquiabaixadabanheira.org\/index.php?rest_route=\/wp\/v2\/posts"}],"about":[{"href":"https:\/\/coro.paroquiabaixadabanheira.org\/index.php?rest_route=\/wp\/v2\/types\/post"}],"author":[{"embeddable":true,"href":"https:\/\/coro.paroquiabaixadabanheira.org\/index.php?rest_route=\/wp\/v2\/users\/3"}],"replies":[{"embeddable":true,"href":"https:\/\/coro.paroquiabaixadabanheira.org\/index.php?rest_route=%2Fwp%2Fv2%2Fcomments&post=3315"}],"version-history":[{"count":1,"href":"https:\/\/coro.paroquiabaixadabanheira.org\/index.php?rest_route=\/wp\/v2\/posts\/3315\/revisions"}],"predecessor-version":[{"id":3316,"href":"https:\/\/coro.paroquiabaixadabanheira.org\/index.php?rest_route=\/wp\/v2\/posts\/3315\/revisions\/3316"}],"wp:attachment":[{"href":"https:\/\/coro.paroquiabaixadabanheira.org\/index.php?rest_route=%2Fwp%2Fv2%2Fmedia&parent=3315"}],"wp:term":[{"taxonomy":"category","embeddable":true,"href":"https:\/\/coro.paroquiabaixadabanheira.org\/index.php?rest_route=%2Fwp%2Fv2%2Fcategories&post=3315"},{"taxonomy":"post_tag","embeddable":true,"href":"https:\/\/coro.paroquiabaixadabanheira.org\/index.php?rest_route=%2Fwp%2Fv2%2Ftags&post=3315"}],"curies":[{"name":"wp","href":"https:\/\/api.w.org\/{rel}","templated":true}]}}