{"id":3336,"date":"2020-04-26T00:38:40","date_gmt":"2020-04-26T00:38:40","guid":{"rendered":"http:\/\/coro.paroquiabaixadabanheira.org\/?p=3336"},"modified":"2020-05-25T23:18:35","modified_gmt":"2020-05-25T23:18:35","slug":"site-da-nossa-paroquia","status":"publish","type":"post","link":"https:\/\/coro.paroquiabaixadabanheira.org\/?p=3336","title":{"rendered":"Site da Nossa Par\u00f3quia"},"content":{"rendered":"<p>\u00c9 com alegria que anuncio que a nossa Par\u00f3quia S\u00e3o Jos\u00e9 Oper\u00e1rio &#8211; Baixa da Banheira possui um Web-Site.<\/p>\n<p>Desta forma \u00e9 poss\u00edvel ver tudo o que se passa na nossa comunidade e o que se desenrola \u00e0 volta dela.<\/p>\n<p>Os nossos parab\u00e9ns a quem teve a ideia, criadores do site e a todos os que v\u00e3o &#8220;alimentando&#8221; o site com as not\u00edcias da nossa Par\u00f3quia.<\/p>\n<p>Endere\u00e7o &#8211; <strong>https:\/\/www.igrejasaojoseoperariobxb.com\/&nbsp;<\/strong><\/p>\n","protected":false},"excerpt":{"rendered":"<p>\u00c9 com alegria que anuncio que a nossa Par\u00f3quia S\u00e3o Jos\u00e9 Oper\u00e1rio &#8211; Baixa da Banheira possui um Web-Site. Desta forma \u00e9 poss\u00edvel ver tudo o que se passa na nossa comunidade e o que se desenrola \u00e0 volta dela. &hellip;<\/p>\n<p class=\"read-more\"> <a class=\"more-link\" href=\"https:\/\/coro.paroquiabaixadabanheira.org\/?p=3336\"> <span class=\"screen-reader-text\">Site da Nossa Par\u00f3quia<\/span> Read More &raquo;<\/a><\/p>\n","protected":false},"author":3,"featured_media":0,"comment_status":"open","ping_status":"open","sticky":false,"template":"","format":"standard","meta":{"footnotes":""},"categories":[4],"tags":[],"class_list":["post-3336","post","type-post","status-publish","format-standard","hentry","category-noticias"],"_links":{"self":[{"href":"https:\/\/coro.paroquiabaixadabanheira.org\/index.php?rest_route=\/wp\/v2\/posts\/3336","targetHints":{"allow":["GET"]}}],"collection":[{"href":"https:\/\/coro.paroquiabaixadabanheira.org\/index.php?rest_route=\/wp\/v2\/posts"}],"about":[{"href":"https:\/\/coro.paroquiabaixadabanheira.org\/index.php?rest_route=\/wp\/v2\/types\/post"}],"author":[{"embeddable":true,"href":"https:\/\/coro.paroquiabaixadabanheira.org\/index.php?rest_route=\/wp\/v2\/users\/3"}],"replies":[{"embeddable":true,"href":"https:\/\/coro.paroquiabaixadabanheira.org\/index.php?rest_route=%2Fwp%2Fv2%2Fcomments&post=3336"}],"version-history":[{"count":5,"href":"https:\/\/coro.paroquiabaixadabanheira.org\/index.php?rest_route=\/wp\/v2\/posts\/3336\/revisions"}],"predecessor-version":[{"id":3365,"href":"https:\/\/coro.paroquiabaixadabanheira.org\/index.php?rest_route=\/wp\/v2\/posts\/3336\/revisions\/3365"}],"wp:attachment":[{"href":"https:\/\/coro.paroquiabaixadabanheira.org\/index.php?rest_route=%2Fwp%2Fv2%2Fmedia&parent=3336"}],"wp:term":[{"taxonomy":"category","embeddable":true,"href":"https:\/\/coro.paroquiabaixadabanheira.org\/index.php?rest_route=%2Fwp%2Fv2%2Fcategories&post=3336"},{"taxonomy":"post_tag","embeddable":true,"href":"https:\/\/coro.paroquiabaixadabanheira.org\/index.php?rest_route=%2Fwp%2Fv2%2Ftags&post=3336"}],"curies":[{"name":"wp","href":"https:\/\/api.w.org\/{rel}","templated":true}]}}