{"id":3341,"date":"2020-05-01T00:00:10","date_gmt":"2020-05-01T00:00:10","guid":{"rendered":"http:\/\/coro.paroquiabaixadabanheira.org\/?p=3341"},"modified":"2020-05-01T00:00:11","modified_gmt":"2020-05-01T00:00:11","slug":"domingo-iv-da-pascoa-11","status":"publish","type":"post","link":"https:\/\/coro.paroquiabaixadabanheira.org\/?p=3341","title":{"rendered":"Domingo IV da P\u00e1scoa"},"content":{"rendered":"<p><b>Domingo do Bom Pastor | Dia Mundial da Ora\u00e7\u00e3o pelas Voca\u00e7\u00f5es<\/b><\/p>\n<p>&#8220;O 4\u00ba Domingo do Tempo Pascal \u00e9 considerado o \u201cDomingo do Bom Pastor\u201d, uma vez que todos os anos a liturgia prop\u00f5e um trecho do cap\u00edtulo 10 do Evangelho segundo Jo\u00e3o, no qual Jesus \u00e9 apresentado como Bom Pastor. D. Ant\u00f3nio Couto, completa, dizendo que este \u00e9 o \u00abDomingo do Bom, Belo, Perfeito e Verdadeiro Pastor. \u00c9 este o significado largo do adjetivo grego kal\u00f3s e do hebraico t\u00f4b, que qualifica o nome \u201cPastor\u201d.\u00bb Por este foco no que \u00e9 ser Pastor, que a liturgia deste domingo apresenta, a Igreja escolheu o IV Domingo do Tempo Pascal de cada ano para Dia Mundial de Ora\u00e7\u00e3o pelas Voca\u00e7\u00f5es.&#8221;<\/p>\n<p><b>SEMANA DE ORA\u00c7\u00c3O PELAS VOCA\u00c7\u00d5ES:<\/b><br \/>\n&#8220;\u00c9 uma tempo dedicado \u00e0 ora\u00e7\u00e3o por todas as voca\u00e7\u00f5es que fazem parte, enriquecem e completam a vida da Igreja, desde o Clero e Consagrados at\u00e9 ao Laicado, ao Matrim\u00f3nio e \u00e0 Fam\u00edlia.&#8221;\u00a0 \u00a0 \u00a0 \u00a0 \u00a0 \u00a0 \u00a0 \u00a0 \u00a0 \u00a0 \u00a0 \u00a0 \u00a0 \u00a0 \u00a0 \u00a0 \u00a0 \u00a0 \u00a0 \u00a0 \u00a0 \u00a0 \u00a0 \u00a0 \u00a0 \u00a0 \u00a0 \u00a0 \u00a0 \u00a0 \u00a0 \u00a0<em>in O Canto da Liturgia<\/em><\/p>\n<p><strong>C\u00e2nticos para\u00a0o IV Domingo\u00a0da\u00a0P\u00e1scoa<\/strong><strong>\u00a0(Domingo do Bom Pastor)\u2013\u00a0Ano\u00a0A\u00a0(<a href=\"http:\/\/www.liturgia.pt\/liturgiadiaria\/dia.php?data=2020-5-3\">liturgia)<\/a><\/strong><\/p>\n<ul>\n<li>Entrada: <a href=\"http:\/\/coro.paroquiabaixadabanheira.org\/reportorio\/pascoa\/a.bondade.do.senhor.aleluia.pdf\">A bondade do Senhor\u2026Aleluia<\/a><\/li>\n<li>Acto Penitencial: <a href=\"http:\/\/coro.paroquiabaixadabanheira.org\/reportorio\/penitencial\/senhor.tende.piedade.3.pdf\">Senhor Tende Piedade (M. Alentejana)<\/a><\/li>\n<li>ou Aspers\u00e3o: <a href=\"http:\/\/coro.paroquiabaixadabanheira.org\/reportorio\/penitencial\/vi.a.agua.sair.pdf\">Vi a \u00e1gua sair<\/a><\/li>\n<li>Gl\u00f3ria:\u00a0<a href=\"http:\/\/coro.paroquiabaixadabanheira.org\/reportorio\/gloria\/gloria.2.vozes.pdf\">Gloria 2 Vozes<\/a><\/li>\n<li>Salmo :\u00a022<em>\u00a0(23)\u00a0<a href=\"http:\/\/www.liturgia.pt\/multimedia\/mp3\/SalmosResponsoriais\/017_Qua04AIVDom-OSenhorMeuPastor.mp3\">\u201dO Senhor \u00e9 meu pastor: nada me faltar\u00e1.\u201d<\/a><\/em><\/li>\n<li>Aclama\u00e7\u00e3o ao Evangelho:\u00a0\u00a0<a href=\"http:\/\/coro.paroquiabaixadabanheira.org\/reportorio\/pascoa\/aleluia.pascal.pdf\">Aleluia Pascal<\/a>\u00a0<strong>\u201cEu sou o bom pastor, diz o Senhor:\u00a0conhe\u00e7o as minhas ovelhas e elas conhecem-Me\u201d.<\/strong><\/li>\n<li>Ora\u00e7\u00e3o dos Fi\u00e9is: <a href=\"http:\/\/coro.paroquiabaixadabanheira.org\/reportorio\/aclamacao\/oracao.universal.pdf\">Respostas\u00a0<\/a>-11<\/li>\n<li>Apresenta\u00e7\u00e3o dos Dons:\u00a0<a href=\"http:\/\/coro.paroquiabaixadabanheira.org\/reportorio\/comunhao\/o.bom.pastor.pdf\">O Bom Pastor<\/a> ou\u00a0<a href=\"http:\/\/coro.paroquiabaixadabanheira.org\/reportorio\/pascoa\/eu.sou.a.porta.pdf\">Eu sou a porta<\/a><\/li>\n<li>Santo: <a href=\"http:\/\/coro.paroquiabaixadabanheira.org\/reportorio\/santo\/santo.cartageno.pdf\">Santo cartageno<\/a><\/li>\n<li>Cordeiro: <a href=\"http:\/\/coro.paroquiabaixadabanheira.org\/reportorio\/cordeiro\/cordeiro.cartageno.pdf\">Cordeiro (A. Cartageno)<\/a><\/li>\n<li>Comunh\u00e3o: <a href=\"http:\/\/coro.paroquiabaixadabanheira.org\/reportorio\/pascoa\/ressuscitou.o.bom.pastor.pdf\">Ressuscitou o Bom Pastor<\/a><\/li>\n<li>Ac\u00e7\u00e3o de Gra\u00e7as: <a href=\"http:\/\/coro.paroquiabaixadabanheira.org\/reportorio\/maria\/mae.do.povo.pdf\">M\u00e3e do Povo<\/a><\/li>\n<li>Final: <a href=\"http:\/\/coro.paroquiabaixadabanheira.org\/reportorio\/final\/ide.e.ensinai.pdf\">Ide e Ensinai<\/a><\/li>\n<\/ul>\n","protected":false},"excerpt":{"rendered":"<p>Domingo do Bom Pastor | Dia Mundial da Ora\u00e7\u00e3o pelas Voca\u00e7\u00f5es &#8220;O 4\u00ba Domingo do Tempo Pascal \u00e9 considerado o \u201cDomingo do Bom Pastor\u201d, uma vez que todos os anos a liturgia prop\u00f5e um trecho do cap\u00edtulo 10 do Evangelho &hellip;<\/p>\n<p class=\"read-more\"> <a class=\"more-link\" href=\"https:\/\/coro.paroquiabaixadabanheira.org\/?p=3341\"> <span class=\"screen-reader-text\">Domingo IV da P\u00e1scoa<\/span> Read More &raquo;<\/a><\/p>\n","protected":false},"author":3,"featured_media":0,"comment_status":"open","ping_status":"open","sticky":false,"template":"","format":"standard","meta":{"footnotes":""},"categories":[1],"tags":[],"class_list":["post-3341","post","type-post","status-publish","format-standard","hentry","category-uncategorized"],"_links":{"self":[{"href":"https:\/\/coro.paroquiabaixadabanheira.org\/index.php?rest_route=\/wp\/v2\/posts\/3341","targetHints":{"allow":["GET"]}}],"collection":[{"href":"https:\/\/coro.paroquiabaixadabanheira.org\/index.php?rest_route=\/wp\/v2\/posts"}],"about":[{"href":"https:\/\/coro.paroquiabaixadabanheira.org\/index.php?rest_route=\/wp\/v2\/types\/post"}],"author":[{"embeddable":true,"href":"https:\/\/coro.paroquiabaixadabanheira.org\/index.php?rest_route=\/wp\/v2\/users\/3"}],"replies":[{"embeddable":true,"href":"https:\/\/coro.paroquiabaixadabanheira.org\/index.php?rest_route=%2Fwp%2Fv2%2Fcomments&post=3341"}],"version-history":[{"count":3,"href":"https:\/\/coro.paroquiabaixadabanheira.org\/index.php?rest_route=\/wp\/v2\/posts\/3341\/revisions"}],"predecessor-version":[{"id":3344,"href":"https:\/\/coro.paroquiabaixadabanheira.org\/index.php?rest_route=\/wp\/v2\/posts\/3341\/revisions\/3344"}],"wp:attachment":[{"href":"https:\/\/coro.paroquiabaixadabanheira.org\/index.php?rest_route=%2Fwp%2Fv2%2Fmedia&parent=3341"}],"wp:term":[{"taxonomy":"category","embeddable":true,"href":"https:\/\/coro.paroquiabaixadabanheira.org\/index.php?rest_route=%2Fwp%2Fv2%2Fcategories&post=3341"},{"taxonomy":"post_tag","embeddable":true,"href":"https:\/\/coro.paroquiabaixadabanheira.org\/index.php?rest_route=%2Fwp%2Fv2%2Ftags&post=3341"}],"curies":[{"name":"wp","href":"https:\/\/api.w.org\/{rel}","templated":true}]}}