{"id":3438,"date":"2020-10-02T00:10:15","date_gmt":"2020-10-02T00:10:15","guid":{"rendered":"http:\/\/coro.paroquiabaixadabanheira.org\/?p=3438"},"modified":"2020-10-02T00:15:11","modified_gmt":"2020-10-02T00:15:11","slug":"solenidade-de-s-francisco-de-assis-2","status":"publish","type":"post","link":"https:\/\/coro.paroquiabaixadabanheira.org\/?p=3438","title":{"rendered":"Solenidade de S. Francisco de Assis"},"content":{"rendered":"<h5>S. FRANCISCO DE ASSIS<\/h5>\n<p>Nasceu em Assis, no ano 1182. Depois de uma juventude leviana, converteu se a Cristo, renunciou a todos os bens paternos e entregou se inteiramente a Deus. Abra\u00e7ou a pobreza para seguir mais perfeitamente o exemplo de Cristo e pregava a todos o amor de Deus. Formou os seus companheiros com normas excelentes, inspiradas no Evangelho, que foram aprovadas pela S\u00e9 Apost\u00f3lica. Fundou tamb\u00e9m uma Ordem de religiosas e uma Ordem Terceira para seculares; e promoveu a prega\u00e7\u00e3o da f\u00e9 entre os infi\u00e9is. Morreu em 1226.<\/p>\n<p><strong>C\u00e2nticos para a Solenidade S. Francisco de Assis \u2013 Ano A (<\/strong><a href=\"https:\/\/www.liturgia.pt\/santos\/santo_v.php?cod_santo=168\"><strong>liturgia<\/strong><\/a><strong>)<\/strong><\/p>\n<ul>\n<li>Entrada: <a href=\"http:\/\/coro.paroquiabaixadabanheira.org\/reportorio\/entrada\/como.francisco.pdf\">Seguindo a Cristo<\/a><\/li>\n<li>Acto Penitencial: \u00a0<a href=\"http:\/\/coro.paroquiabaixadabanheira.org\/reportorio\/penitencial\/senhor.misericordia.cartageno.pdf\">Senhor,\u00a0Miseric\u00f3rdia\u00a0(A.Cartageno)<\/a><\/li>\n<li>Salmo: 15<em>(16)<\/em>\u00a0<a href=\"https:\/\/www.liturgia.pt\/multimedia\/mp3\/SalmosResponsoriais\/147_TC_C_13Dom-OSenhorEMinhaHeranca.mp3\"><em>\u201dO Senhor \u00e9 a minha heran\u00e7a\u201d<\/em><\/a><\/li>\n<li>Aclama\u00e7\u00e3o ao Evangelho:\u00a0<a href=\"http:\/\/coro.paroquiabaixadabanheira.org\/reportorio\/aclama\/aleluia.manuel.simoes.pdf\">Aleluia (Manuel Sim\u00f5es)<\/a>\u00a0<strong>\u201cBendito sejais, \u00f3 Pai, Senhor do c\u00e9u e da terra, porque revelastes aos humildes os mist\u00e9rios do reino.\u201d<\/strong><\/li>\n<li>Apresenta\u00e7\u00e3o dos Dons: <a href=\"http:\/\/coro.paroquiabaixadabanheira.org\/reportorio\/diversos\/senhor.fazeime.instrumento.pdf\">Senhor, Fazei-me Instrumento<\/a><\/li>\n<li>Santo:\u00a0<a href=\"http:\/\/coro.paroquiabaixadabanheira.org\/reportorio\/santo\/santo.leonel.claro.pdf\">Santo (L. Claro)<\/a>\u00a0ou\u00a0<a href=\"http:\/\/coro.paroquiabaixadabanheira.org\/reportorio\/santo\/santo.cartageno2.pdf\">Santo Cartageno 2 \u2013 Novo<\/a><\/li>\n<li>Fra\u00e7\u00e3o do P\u00e3o:\u00a0<a href=\"http:\/\/coro.paroquiabaixadabanheira.org\/reportorio\/cordeiro\/cordeiro.cartageno.pdf\">Cordeiro (A. Cartageno)<\/a><\/li>\n<li>Comunh\u00e3o:<a href=\"http:\/\/coro.paroquiabaixadabanheira.org\/reportorio\/comunhao\/bem.aventurados.os.puros.pdf\">Bem-aventurados os puros de cora\u00e7\u00e3o<\/a><\/li>\n<li>Ac\u00e7\u00e3o de Gra\u00e7as: <a href=\"http:\/\/coro.paroquiabaixadabanheira.org\/reportorio\/diversos\/doce.e.sentir.pdf\">Doce \u00e9 Sentir<\/a><\/li>\n<li>Final: <a href=\"http:\/\/coro.paroquiabaixadabanheira.org\/reportorio\/paz\/paz.e.bem.pdf\">Paz e Bem<\/a><\/li>\n<\/ul>\n<p>Trazer:<\/p>\n<ul>\n<li><a href=\"http:\/\/coro.paroquiabaixadabanheira.org\/reportorio\/penitencial\/kyrie.eleison.manuel.simoes.pdf\">Kyrie Eleison (Manuel Sim\u00f5es)<\/a><\/li>\n<li><a href=\"http:\/\/coro.paroquiabaixadabanheira.org\/reportorio\/cordeiro\/cordeiro.de.deus.azevedo.pdf\">Cordeiro (Azevedo Oliveira)<\/a><\/li>\n<\/ul>\n","protected":false},"excerpt":{"rendered":"<p>S. FRANCISCO DE ASSIS Nasceu em Assis, no ano 1182. Depois de uma juventude leviana, converteu se a Cristo, renunciou a todos os bens paternos e entregou se inteiramente a Deus. Abra\u00e7ou a pobreza para seguir mais perfeitamente o exemplo &hellip;<\/p>\n<p class=\"read-more\"> <a class=\"more-link\" href=\"https:\/\/coro.paroquiabaixadabanheira.org\/?p=3438\"> <span class=\"screen-reader-text\">Solenidade de S. Francisco de Assis<\/span> Read More &raquo;<\/a><\/p>\n","protected":false},"author":3,"featured_media":0,"comment_status":"open","ping_status":"open","sticky":false,"template":"","format":"standard","meta":{"footnotes":""},"categories":[1],"tags":[],"class_list":["post-3438","post","type-post","status-publish","format-standard","hentry","category-uncategorized"],"_links":{"self":[{"href":"https:\/\/coro.paroquiabaixadabanheira.org\/index.php?rest_route=\/wp\/v2\/posts\/3438","targetHints":{"allow":["GET"]}}],"collection":[{"href":"https:\/\/coro.paroquiabaixadabanheira.org\/index.php?rest_route=\/wp\/v2\/posts"}],"about":[{"href":"https:\/\/coro.paroquiabaixadabanheira.org\/index.php?rest_route=\/wp\/v2\/types\/post"}],"author":[{"embeddable":true,"href":"https:\/\/coro.paroquiabaixadabanheira.org\/index.php?rest_route=\/wp\/v2\/users\/3"}],"replies":[{"embeddable":true,"href":"https:\/\/coro.paroquiabaixadabanheira.org\/index.php?rest_route=%2Fwp%2Fv2%2Fcomments&post=3438"}],"version-history":[{"count":4,"href":"https:\/\/coro.paroquiabaixadabanheira.org\/index.php?rest_route=\/wp\/v2\/posts\/3438\/revisions"}],"predecessor-version":[{"id":3443,"href":"https:\/\/coro.paroquiabaixadabanheira.org\/index.php?rest_route=\/wp\/v2\/posts\/3438\/revisions\/3443"}],"wp:attachment":[{"href":"https:\/\/coro.paroquiabaixadabanheira.org\/index.php?rest_route=%2Fwp%2Fv2%2Fmedia&parent=3438"}],"wp:term":[{"taxonomy":"category","embeddable":true,"href":"https:\/\/coro.paroquiabaixadabanheira.org\/index.php?rest_route=%2Fwp%2Fv2%2Fcategories&post=3438"},{"taxonomy":"post_tag","embeddable":true,"href":"https:\/\/coro.paroquiabaixadabanheira.org\/index.php?rest_route=%2Fwp%2Fv2%2Ftags&post=3438"}],"curies":[{"name":"wp","href":"https:\/\/api.w.org\/{rel}","templated":true}]}}