{"id":3448,"date":"2020-10-14T22:11:29","date_gmt":"2020-10-14T22:11:29","guid":{"rendered":"http:\/\/coro.paroquiabaixadabanheira.org\/?p=3448"},"modified":"2020-10-14T22:11:30","modified_gmt":"2020-10-14T22:11:30","slug":"domingo-xxix-do-tempo-comum-dia-mundial-das-missoes-2","status":"publish","type":"post","link":"https:\/\/coro.paroquiabaixadabanheira.org\/?p=3448","title":{"rendered":"Domingo XXIX do Tempo Comum-Dia Mundial das Miss\u00f5es"},"content":{"rendered":"<p><strong>C\u00e2nticos para o Domingo XXIX do Tempo Comum \u2013 Ano A (<\/strong><a href=\"https:\/\/www.liturgia.pt\/liturgiadiaria\/dia.php?data=2020-10-18\"><strong>liturgia<\/strong><\/a><strong>)<\/strong><\/p>\n<ul>\n<li>Entrada: <a href=\"http:\/\/coro.paroquiabaixadabanheira.org\/reportorio\/entrada\/eu.vos.invoco.senhor.pdf\">Eu Vos Invoco Senhor<\/a><\/li>\n<li>Acto Penitencial: <a href=\"http:\/\/coro.paroquiabaixadabanheira.org\/reportorio\/penitencial\/senhor.tende.piedade.pdf\">Senhor, Tende Piedade (Godespell)<\/a><\/li>\n<li>Salmo: 95<em>(96)<\/em>\u00a0<a href=\"https:\/\/www.liturgia.pt\/multimedia\/mp3\/SalmosResponsoriais\/062_TC_A_29Dom-CantaiAoSenhor.mp3\"><em>\u201d Cantai ao Senhor um c\u00e2ntico novo\u201d<\/em><\/a><\/li>\n<li>Aclama\u00e7\u00e3o ao Evangelho:\u00a0<a href=\"http:\/\/coro.paroquiabaixadabanheira.org\/reportorio\/aclama\/aleluia.m.frisina.pdf\">Aleluia (Marco Frisina)<\/a> ou <a href=\"http:\/\/coro.paroquiabaixadabanheira.org\/reportorio\/carismaticos\/aleluia.pdf\">Aleluia M.Marques<\/a>\u00a0<strong>\u201cV\u00f3s brilhais como estrelas no mundo, ostentando a palavra da vida.\u201d<\/strong><\/li>\n<li>Apresenta\u00e7\u00e3o dos Dons: <a href=\"http:\/\/coro.paroquiabaixadabanheira.org\/reportorio\/ofertorio\/dai.a.cesar.pdf\">Dai a C\u00e9sar<\/a><\/li>\n<li>Santo:\u00a0<a href=\"http:\/\/coro.paroquiabaixadabanheira.org\/reportorio\/santo\/santo.cartageno2.pdf\">Santo Cartageno 2<\/a><\/li>\n<li>Fra\u00e7\u00e3o do P\u00e3o:\u00a0<a href=\"http:\/\/coro.paroquiabaixadabanheira.org\/reportorio\/cordeiro\/cordeiro.olindo.marques.pdf\">Cordeiro\u00a0(Olindo Marques)<\/a><\/li>\n<li>Comunh\u00e3o:\u00a0<a href=\"http:\/\/coro.paroquiabaixadabanheira.org\/reportorio\/comunhao\/o.senhor.vela.sobre.os.seus.fieis.pdf\">O Senhor vela sobre os seus fi\u00e9is<\/a><\/li>\n<li>Ac\u00e7\u00e3o de Gra\u00e7as: <a href=\"http:\/\/coro.paroquiabaixadabanheira.org\/reportorio\/maria\/mae.de.jesus.mae.da.igreja.pdf\">M\u00e3e de Jesus, M\u00e3e da Igreja<\/a> &#8211; outra vers\u00e3o- <a href=\"http:\/\/coro.paroquiabaixadabanheira.org\/reportorio\/maria\/mae.de.jesus.mae.da.igreja.v3.pdf\">(vers\u00e3o 2)<\/a><\/li>\n<li>Final: <a href=\"http:\/\/coro.paroquiabaixadabanheira.org\/reportorio\/diversos\/louvado.sejas.pdf\">Louvado Sejas<\/a> ou <a href=\"http:\/\/coro.paroquiabaixadabanheira.org\/reportorio\/final\/sois.a.semente.pdf\">Sois a Semente<\/a><\/li>\n<\/ul>\n<p>Trazer:<\/p>\n<ul>\n<li><a href=\"http:\/\/coro.paroquiabaixadabanheira.org\/reportorio\/penitencial\/kyrie.eleison.manuel.simoes.pdf\">Kyrie Eleison (Manuel Sim\u00f5es)<\/a><\/li>\n<li><a href=\"http:\/\/coro.paroquiabaixadabanheira.org\/reportorio\/cordeiro\/cordeiro.de.deus.azevedo.pdf\">Cordeiro (Azevedo Oliveira)<\/a><\/li>\n<\/ul>\n","protected":false},"excerpt":{"rendered":"<p>C\u00e2nticos para o Domingo XXIX do Tempo Comum \u2013 Ano A (liturgia) Entrada: Eu Vos Invoco Senhor Acto Penitencial: Senhor, Tende Piedade (Godespell) Salmo: 95(96)\u00a0\u201d Cantai ao Senhor um c\u00e2ntico novo\u201d Aclama\u00e7\u00e3o ao Evangelho:\u00a0Aleluia (Marco Frisina) ou Aleluia M.Marques\u00a0\u201cV\u00f3s brilhais &hellip;<\/p>\n<p class=\"read-more\"> <a class=\"more-link\" href=\"https:\/\/coro.paroquiabaixadabanheira.org\/?p=3448\"> <span class=\"screen-reader-text\">Domingo XXIX do Tempo Comum-Dia Mundial das Miss\u00f5es<\/span> Read More &raquo;<\/a><\/p>\n","protected":false},"author":3,"featured_media":0,"comment_status":"open","ping_status":"open","sticky":false,"template":"","format":"standard","meta":{"footnotes":""},"categories":[1],"tags":[],"class_list":["post-3448","post","type-post","status-publish","format-standard","hentry","category-uncategorized"],"_links":{"self":[{"href":"https:\/\/coro.paroquiabaixadabanheira.org\/index.php?rest_route=\/wp\/v2\/posts\/3448","targetHints":{"allow":["GET"]}}],"collection":[{"href":"https:\/\/coro.paroquiabaixadabanheira.org\/index.php?rest_route=\/wp\/v2\/posts"}],"about":[{"href":"https:\/\/coro.paroquiabaixadabanheira.org\/index.php?rest_route=\/wp\/v2\/types\/post"}],"author":[{"embeddable":true,"href":"https:\/\/coro.paroquiabaixadabanheira.org\/index.php?rest_route=\/wp\/v2\/users\/3"}],"replies":[{"embeddable":true,"href":"https:\/\/coro.paroquiabaixadabanheira.org\/index.php?rest_route=%2Fwp%2Fv2%2Fcomments&post=3448"}],"version-history":[{"count":4,"href":"https:\/\/coro.paroquiabaixadabanheira.org\/index.php?rest_route=\/wp\/v2\/posts\/3448\/revisions"}],"predecessor-version":[{"id":3452,"href":"https:\/\/coro.paroquiabaixadabanheira.org\/index.php?rest_route=\/wp\/v2\/posts\/3448\/revisions\/3452"}],"wp:attachment":[{"href":"https:\/\/coro.paroquiabaixadabanheira.org\/index.php?rest_route=%2Fwp%2Fv2%2Fmedia&parent=3448"}],"wp:term":[{"taxonomy":"category","embeddable":true,"href":"https:\/\/coro.paroquiabaixadabanheira.org\/index.php?rest_route=%2Fwp%2Fv2%2Fcategories&post=3448"},{"taxonomy":"post_tag","embeddable":true,"href":"https:\/\/coro.paroquiabaixadabanheira.org\/index.php?rest_route=%2Fwp%2Fv2%2Ftags&post=3448"}],"curies":[{"name":"wp","href":"https:\/\/api.w.org\/{rel}","templated":true}]}}