{"id":3464,"date":"2020-11-11T23:58:41","date_gmt":"2020-11-11T23:58:41","guid":{"rendered":"http:\/\/coro.paroquiabaixadabanheira.org\/?p=3464"},"modified":"2020-11-11T23:58:43","modified_gmt":"2020-11-11T23:58:43","slug":"domingo-xxxiii-do-tempo-comum-dia-mundial-dos-pobres","status":"publish","type":"post","link":"https:\/\/coro.paroquiabaixadabanheira.org\/?p=3464","title":{"rendered":"Domingo XXXIII do Tempo Comum (Dia Mundial dos Pobres)"},"content":{"rendered":"<p>Mensagem do Santo Padre Francisco para o IV dia Mundial dos Pobres com o titulo: &#8220;Estende a tua m\u00e3o ao Pobre&#8221; (Sir 7,32) &#8211; <a href=\"http:\/\/www.vatican.va\/content\/francesco\/pt\/messages\/poveri\/documents\/papa-francesco_20200613_messaggio-iv-giornatamondiale-poveri-2020.html\">Ler aqui<\/a><\/p>\n<p><b>C\u00e2nticos para o Domingo XXXIII do Tempo Comum \u2013 Ano A (Baptismo e 1\u00ba comunh\u00e3o do CICA) (<\/b><a href=\"https:\/\/www.liturgia.pt\/liturgiadiaria\/dia.php?data=2020-11-15\"><strong>liturgia<\/strong><\/a><strong>)<\/strong><\/p>\n<ul>\n<li>Entrada: <a href=\"http:\/\/coro.paroquiabaixadabanheira.org\/reportorio\/entrada\/servi.o.senhor.com.alegria.pdf\">Servi o Senhor com Alegria<\/a><\/li>\n<li>Acto Penitencial:\u00a0<a href=\"http:\/\/coro.paroquiabaixadabanheira.org\/reportorio\/penitencial\/senhor.tende.piedade.pdf\">Senhor, Tende Piedade (Godespell)<\/a><\/li>\n<li>Gl\u00f3ria:\u00a0<a href=\"http:\/\/coro.paroquiabaixadabanheira.org\/reportorio\/gloria\/gloria.2.vozes.pdf\">Gloria 2 Vozes<\/a><\/li>\n<li>Salmo: <i>127<\/i>\u00a0<a href=\"https:\/\/www.liturgia.pt\/multimedia\/mp3\/SalmosResponsoriais\/065_TC_A_33Dom-DitosoOQueSegue.mp3\"><em>\u201d Ditoso o que segue o caminho do Senhor\u201d<\/em><\/a><\/li>\n<li>Aclama\u00e7\u00e3o ao Evangelho:\u00a0<a href=\"http:\/\/coro.paroquiabaixadabanheira.org\/reportorio\/aclama\/aleluia.m.frisina.pdf\">Aleluia (Marco Frisina)<\/a>\u00a0ou\u00a0<a href=\"http:\/\/coro.paroquiabaixadabanheira.org\/reportorio\/carismaticos\/aleluia.pdf\">Aleluia M.Marques<\/a>\u00a0<strong>\u201cPermanecei em Mim e Eu permanecerei em v\u00f3s, diz o Senhor. Quem permanece em Mim d\u00e1 fruto abundante.\u201d<\/strong><\/li>\n<li>Ladainhas:\u00a0<a href=\"http:\/\/coro.paroquiabaixadabanheira.org\/reportorio\/pascoa\/ladainhas.pdf\">Ladainhas<\/a><\/li>\n<li>Baptismos:\u00a0<a href=\"http:\/\/coro.paroquiabaixadabanheira.org\/reportorio\/baptismo\/baptizame.senhor.pdf\">Baptiza-me Senhor<\/a><\/li>\n<li>Baptismos:\u00a0<a title=\"Taiz\u00e9\" href=\"http:\/\/coro.paroquiabaixadabanheira.org\/reportorio\/baptismo\/aguas.das.fontes.pdf\">\u00c1guas das fontes<\/a>\u00a0ou\u00a0<a href=\"http:\/\/coro.paroquiabaixadabanheira.org\/reportorio\/quaresma\/templo.de.deus.e.santo.pdf\">O Templo de Deus \u00e9 Santo<\/a><\/li>\n<li>Un\u00e7\u00e3o do Crisma:\u00a0<a title=\"Taiz\u00e9\" href=\"http:\/\/coro.paroquiabaixadabanheira.org\/reportorio\/baptismo\/tu.es.fonte.de.vida.pdf\">Tu \u00c9s Fonte de Vida<\/a><\/li>\n<li>Veste branca:\u00a0<a href=\"http:\/\/coro.paroquiabaixadabanheira.org\/reportorio\/baptismo\/vos.que.fostes.baptizados.pdf\">V\u00f3s que Fostes Baptizados<\/a><\/li>\n<li>Luz:\u00a0<a title=\"Taiz\u00e9\" href=\"http:\/\/coro.paroquiabaixadabanheira.org\/reportorio\/diversos\/senhor.jesus.pdf\">Senhor Jesus, Tu \u00c9s Luz do Mundo<\/a><\/li>\n<li>Apresenta\u00e7\u00e3o dos Dons: <a href=\"http:\/\/coro.paroquiabaixadabanheira.org\/reportorio\/ofertorio\/servo.bom.e.fiel.pdf\">Servo bom e fiel<\/a><\/li>\n<li>Santo:\u00a0<a href=\"http:\/\/coro.paroquiabaixadabanheira.org\/reportorio\/santo\/santo.cartageno2.pdf\">Santo Cartageno 2<\/a><\/li>\n<li>Fra\u00e7\u00e3o do P\u00e3o:\u00a0<a href=\"http:\/\/coro.paroquiabaixadabanheira.org\/reportorio\/cordeiro\/cordeiro.aragues.pdf\">Cordeiro (Aragues)<\/a><\/li>\n<li>Comunh\u00e3o: <a href=\"http:\/\/coro.paroquiabaixadabanheira.org\/reportorio\/entrada\/vinde.benditos.de.meu.pai.pdf\">Vinde benditos de meu Pai<\/a> ou <a href=\"http:\/\/coro.paroquiabaixadabanheira.org\/reportorio\/comunhao\/tudo.o.que.pedirdes.na.oracao.pdf\">Tudo o que pedirdes na ora\u00e7\u00e3o<\/a><\/li>\n<li>Ac\u00e7\u00e3o de Gra\u00e7as:\u00a0<a href=\"http:\/\/coro.paroquiabaixadabanheira.org\/reportorio\/diversos\/cuida.de.mim.senhor.pdf\">Cuida de Mim Senhor<\/a><\/li>\n<li>Final: <a href=\"http:\/\/coro.paroquiabaixadabanheira.org\/reportorio\/aclama\/quero.sempre.viver.pdf\">Quero sempre viver<\/a> ou <a href=\"http:\/\/coro.paroquiabaixadabanheira.org\/reportorio\/final\/sois.a.semente.pdf\">Sois a Semente<\/a><\/li>\n<\/ul>\n<p>Trazer:<\/p>\n<ul>\n<li><a href=\"http:\/\/coro.paroquiabaixadabanheira.org\/reportorio\/entrada\/cordeiro.que.foi.imolado.pdf\">O cordeiro que foi imolado (Gl\u00f3ria ao Senhor)<\/a><\/li>\n<li><a href=\"http:\/\/coro.paroquiabaixadabanheira.org\/reportorio\/penitencial\/kyrie.eleison.manuel.simoes.pdf\">Kyrie Eleison (Manuel Sim\u00f5es)<\/a><\/li>\n<li><a href=\"http:\/\/coro.paroquiabaixadabanheira.org\/reportorio\/cordeiro\/cordeiro.de.deus.azevedo.pdf\">Cordeiro (Azevedo Oliveira)<\/a><\/li>\n<\/ul>\n","protected":false},"excerpt":{"rendered":"<p>Mensagem do Santo Padre Francisco para o IV dia Mundial dos Pobres com o titulo: &#8220;Estende a tua m\u00e3o ao Pobre&#8221; (Sir 7,32) &#8211; Ler aqui C\u00e2nticos para o Domingo XXXIII do Tempo Comum \u2013 Ano A (Baptismo e 1\u00ba &hellip;<\/p>\n<p class=\"read-more\"> <a class=\"more-link\" href=\"https:\/\/coro.paroquiabaixadabanheira.org\/?p=3464\"> <span class=\"screen-reader-text\">Domingo XXXIII do Tempo Comum (Dia Mundial dos Pobres)<\/span> Read More &raquo;<\/a><\/p>\n","protected":false},"author":3,"featured_media":0,"comment_status":"open","ping_status":"open","sticky":false,"template":"","format":"standard","meta":{"footnotes":""},"categories":[1],"tags":[],"class_list":["post-3464","post","type-post","status-publish","format-standard","hentry","category-uncategorized"],"_links":{"self":[{"href":"https:\/\/coro.paroquiabaixadabanheira.org\/index.php?rest_route=\/wp\/v2\/posts\/3464","targetHints":{"allow":["GET"]}}],"collection":[{"href":"https:\/\/coro.paroquiabaixadabanheira.org\/index.php?rest_route=\/wp\/v2\/posts"}],"about":[{"href":"https:\/\/coro.paroquiabaixadabanheira.org\/index.php?rest_route=\/wp\/v2\/types\/post"}],"author":[{"embeddable":true,"href":"https:\/\/coro.paroquiabaixadabanheira.org\/index.php?rest_route=\/wp\/v2\/users\/3"}],"replies":[{"embeddable":true,"href":"https:\/\/coro.paroquiabaixadabanheira.org\/index.php?rest_route=%2Fwp%2Fv2%2Fcomments&post=3464"}],"version-history":[{"count":2,"href":"https:\/\/coro.paroquiabaixadabanheira.org\/index.php?rest_route=\/wp\/v2\/posts\/3464\/revisions"}],"predecessor-version":[{"id":3466,"href":"https:\/\/coro.paroquiabaixadabanheira.org\/index.php?rest_route=\/wp\/v2\/posts\/3464\/revisions\/3466"}],"wp:attachment":[{"href":"https:\/\/coro.paroquiabaixadabanheira.org\/index.php?rest_route=%2Fwp%2Fv2%2Fmedia&parent=3464"}],"wp:term":[{"taxonomy":"category","embeddable":true,"href":"https:\/\/coro.paroquiabaixadabanheira.org\/index.php?rest_route=%2Fwp%2Fv2%2Fcategories&post=3464"},{"taxonomy":"post_tag","embeddable":true,"href":"https:\/\/coro.paroquiabaixadabanheira.org\/index.php?rest_route=%2Fwp%2Fv2%2Ftags&post=3464"}],"curies":[{"name":"wp","href":"https:\/\/api.w.org\/{rel}","templated":true}]}}