{"id":3469,"date":"2020-11-16T23:29:27","date_gmt":"2020-11-16T23:29:27","guid":{"rendered":"http:\/\/coro.paroquiabaixadabanheira.org\/?p=3469"},"modified":"2021-02-01T00:46:40","modified_gmt":"2021-02-01T00:46:40","slug":"apoie-esta-causa-social","status":"publish","type":"post","link":"https:\/\/coro.paroquiabaixadabanheira.org\/?p=3469","title":{"rendered":"Apoie Esta Causa Social"},"content":{"rendered":"<p class=\"campaign-desc\">A nossa Par\u00f3quia de S\u00e3o Jos\u00e9 Oper\u00e1rio (Baixa da Banheira), solicita apoio para recupera\u00e7\u00e3o de duas casas em ru\u00ednas, doadas \u00e0 par\u00f3quia para serem colocadas ao \u201cservi\u00e7o dos pobres\u201d e que passar\u00e3o a chamar-se Casas \u201cTodos Irm\u00e3os\u201d.<\/p>\n<p>Estamos a transformar as casas \u201cTodos Irm\u00e3os\u201d numa estrutura para apoio e socorro de fam\u00edlias em grave car\u00eancia de habita\u00e7\u00e3o digna, assim como, para pessoas em situa\u00e7\u00e3o de sem-abrigo devido a viol\u00eancia dom\u00e9stica, despejo de habita\u00e7\u00e3o, presen\u00e7a ilegal por falta de documenta\u00e7\u00e3o, perda do emprego e de meios de sobreviv\u00eancia e outras situa\u00e7\u00f5es que requeiram um abrigo de emerg\u00eancia para pernoitar ou um alojamento tempor\u00e1rio.<\/p>\n<h2 class=\"StylableButton1196941481__container\" style=\"text-align: center;\"><a href=\"https:\/\/ppl.pt\/causas\/todosirmaos?fbclid=IwAR1j7O-8ZbnbDqygw22baEvZExUxRqDB4Skr16nJpsQ9xzZLX93QLbUIOlg#campanha\"><span style=\"color: #008000;\"><strong><span class=\"StylableButton1196941481__label\" data-testid=\"stylablebutton-label\">Projeto \u201cTodos Irm\u00e3os\u201d. Sabe mais como ajudar este projeto e clica aqui!<\/span><\/strong><\/span><\/a><\/h2>\n","protected":false},"excerpt":{"rendered":"<p>A nossa Par\u00f3quia de S\u00e3o Jos\u00e9 Oper\u00e1rio (Baixa da Banheira), solicita apoio para recupera\u00e7\u00e3o de duas casas em ru\u00ednas, doadas \u00e0 par\u00f3quia para serem colocadas ao \u201cservi\u00e7o dos pobres\u201d e que passar\u00e3o a chamar-se Casas \u201cTodos Irm\u00e3os\u201d. Estamos a transformar &hellip;<\/p>\n<p class=\"read-more\"> <a class=\"more-link\" href=\"https:\/\/coro.paroquiabaixadabanheira.org\/?p=3469\"> <span class=\"screen-reader-text\">Apoie Esta Causa Social<\/span> Read More &raquo;<\/a><\/p>\n","protected":false},"author":3,"featured_media":0,"comment_status":"open","ping_status":"open","sticky":false,"template":"","format":"standard","meta":{"footnotes":""},"categories":[4],"tags":[],"class_list":["post-3469","post","type-post","status-publish","format-standard","hentry","category-noticias"],"_links":{"self":[{"href":"https:\/\/coro.paroquiabaixadabanheira.org\/index.php?rest_route=\/wp\/v2\/posts\/3469","targetHints":{"allow":["GET"]}}],"collection":[{"href":"https:\/\/coro.paroquiabaixadabanheira.org\/index.php?rest_route=\/wp\/v2\/posts"}],"about":[{"href":"https:\/\/coro.paroquiabaixadabanheira.org\/index.php?rest_route=\/wp\/v2\/types\/post"}],"author":[{"embeddable":true,"href":"https:\/\/coro.paroquiabaixadabanheira.org\/index.php?rest_route=\/wp\/v2\/users\/3"}],"replies":[{"embeddable":true,"href":"https:\/\/coro.paroquiabaixadabanheira.org\/index.php?rest_route=%2Fwp%2Fv2%2Fcomments&post=3469"}],"version-history":[{"count":3,"href":"https:\/\/coro.paroquiabaixadabanheira.org\/index.php?rest_route=\/wp\/v2\/posts\/3469\/revisions"}],"predecessor-version":[{"id":3472,"href":"https:\/\/coro.paroquiabaixadabanheira.org\/index.php?rest_route=\/wp\/v2\/posts\/3469\/revisions\/3472"}],"wp:attachment":[{"href":"https:\/\/coro.paroquiabaixadabanheira.org\/index.php?rest_route=%2Fwp%2Fv2%2Fmedia&parent=3469"}],"wp:term":[{"taxonomy":"category","embeddable":true,"href":"https:\/\/coro.paroquiabaixadabanheira.org\/index.php?rest_route=%2Fwp%2Fv2%2Fcategories&post=3469"},{"taxonomy":"post_tag","embeddable":true,"href":"https:\/\/coro.paroquiabaixadabanheira.org\/index.php?rest_route=%2Fwp%2Fv2%2Ftags&post=3469"}],"curies":[{"name":"wp","href":"https:\/\/api.w.org\/{rel}","templated":true}]}}