{"id":3476,"date":"2020-11-21T17:25:16","date_gmt":"2020-11-21T17:25:16","guid":{"rendered":"http:\/\/coro.paroquiabaixadabanheira.org\/?p=3476"},"modified":"2020-11-21T17:29:14","modified_gmt":"2020-11-21T17:29:14","slug":"encontro-de-coros-da-festa-de-santa-cecilia-2020","status":"publish","type":"post","link":"https:\/\/coro.paroquiabaixadabanheira.org\/?p=3476","title":{"rendered":"Encontro de Coros da Festa de Santa Cec\u00edlia 2020"},"content":{"rendered":"<p>&#8220;O Coro \u201cVenite a Laudare\u201d \u00e9 o organizador do 39\u00ba Encontro de Coros na festividade de Santa Cec\u00edlia e este ano, devido \u00e0 pandemia, ir\u00e1 acontecer num formato totalmente diferente, inovador e \u2026 DIGITAL.<br \/>\nNum ano &#8220;normal&#8221; seriamos 400 CANTORES presentes na Igreja de Santa Beatriz, unidos pela AMIZADE e pela FOR\u00c7A da m\u00fasica.<br \/>\nAssim, sem sair de nossa casa, podemos assistir, participar e comentar on-line tudo o que vai acontecendo.<br \/>\nCome\u00e7a j\u00e1 este dia 22 \u2013 Dia de Santa Cec\u00edlia!&#8221;<\/p>\n<p><em>&nbsp; &nbsp; &nbsp; &nbsp; &nbsp; &nbsp; &nbsp; &nbsp; &nbsp; &nbsp; &nbsp; &nbsp; &nbsp; &nbsp; &nbsp; &nbsp; &nbsp; &nbsp; &nbsp; &nbsp; &nbsp; &nbsp; &nbsp; &nbsp; &nbsp; &nbsp; &nbsp; &nbsp; &nbsp; &nbsp; &nbsp; &nbsp; &nbsp; &nbsp; &nbsp; &nbsp; &nbsp; &nbsp; &nbsp; &nbsp; &nbsp; &nbsp; &nbsp; &nbsp;In<\/em> <em>facebook.com\/CoroVeniteaLaudare<\/em><\/p>\n<p><a href=\"https:\/\/www.facebook.com\/CoroVeniteaLaudare\"><img loading=\"lazy\" decoding=\"async\" class=\"aligncenter wp-image-3477 size-large\" src=\"http:\/\/coro.paroquiabaixadabanheira.org\/wp-content\/uploads\/2020\/11\/encontro-coros-2020-BANNER-1024x390.jpg\" alt=\"\" width=\"605\" height=\"230\" srcset=\"https:\/\/coro.paroquiabaixadabanheira.org\/wp-content\/uploads\/2020\/11\/encontro-coros-2020-BANNER-1024x390.jpg 1024w, https:\/\/coro.paroquiabaixadabanheira.org\/wp-content\/uploads\/2020\/11\/encontro-coros-2020-BANNER-300x114.jpg 300w, https:\/\/coro.paroquiabaixadabanheira.org\/wp-content\/uploads\/2020\/11\/encontro-coros-2020-BANNER-768x292.jpg 768w, https:\/\/coro.paroquiabaixadabanheira.org\/wp-content\/uploads\/2020\/11\/encontro-coros-2020-BANNER-100x38.jpg 100w, https:\/\/coro.paroquiabaixadabanheira.org\/wp-content\/uploads\/2020\/11\/encontro-coros-2020-BANNER-150x57.jpg 150w, https:\/\/coro.paroquiabaixadabanheira.org\/wp-content\/uploads\/2020\/11\/encontro-coros-2020-BANNER-200x76.jpg 200w, https:\/\/coro.paroquiabaixadabanheira.org\/wp-content\/uploads\/2020\/11\/encontro-coros-2020-BANNER-450x171.jpg 450w, https:\/\/coro.paroquiabaixadabanheira.org\/wp-content\/uploads\/2020\/11\/encontro-coros-2020-BANNER-600x228.jpg 600w, https:\/\/coro.paroquiabaixadabanheira.org\/wp-content\/uploads\/2020\/11\/encontro-coros-2020-BANNER-900x342.jpg 900w, https:\/\/coro.paroquiabaixadabanheira.org\/wp-content\/uploads\/2020\/11\/encontro-coros-2020-BANNER.jpg 1280w\" sizes=\"auto, (max-width: 605px) 100vw, 605px\" \/><\/a><\/p>\n","protected":false},"excerpt":{"rendered":"<p>&#8220;O Coro \u201cVenite a Laudare\u201d \u00e9 o organizador do 39\u00ba Encontro de Coros na festividade de Santa Cec\u00edlia e este ano, devido \u00e0 pandemia, ir\u00e1 acontecer num formato totalmente diferente, inovador e \u2026 DIGITAL. Num ano &#8220;normal&#8221; seriamos 400 CANTORES &hellip;<\/p>\n<p class=\"read-more\"> <a class=\"more-link\" href=\"https:\/\/coro.paroquiabaixadabanheira.org\/?p=3476\"> <span class=\"screen-reader-text\">Encontro de Coros da Festa de Santa Cec\u00edlia 2020<\/span> Read More &raquo;<\/a><\/p>\n","protected":false},"author":3,"featured_media":0,"comment_status":"open","ping_status":"open","sticky":false,"template":"","format":"standard","meta":{"footnotes":""},"categories":[4],"tags":[],"class_list":["post-3476","post","type-post","status-publish","format-standard","hentry","category-noticias"],"_links":{"self":[{"href":"https:\/\/coro.paroquiabaixadabanheira.org\/index.php?rest_route=\/wp\/v2\/posts\/3476","targetHints":{"allow":["GET"]}}],"collection":[{"href":"https:\/\/coro.paroquiabaixadabanheira.org\/index.php?rest_route=\/wp\/v2\/posts"}],"about":[{"href":"https:\/\/coro.paroquiabaixadabanheira.org\/index.php?rest_route=\/wp\/v2\/types\/post"}],"author":[{"embeddable":true,"href":"https:\/\/coro.paroquiabaixadabanheira.org\/index.php?rest_route=\/wp\/v2\/users\/3"}],"replies":[{"embeddable":true,"href":"https:\/\/coro.paroquiabaixadabanheira.org\/index.php?rest_route=%2Fwp%2Fv2%2Fcomments&post=3476"}],"version-history":[{"count":7,"href":"https:\/\/coro.paroquiabaixadabanheira.org\/index.php?rest_route=\/wp\/v2\/posts\/3476\/revisions"}],"predecessor-version":[{"id":3484,"href":"https:\/\/coro.paroquiabaixadabanheira.org\/index.php?rest_route=\/wp\/v2\/posts\/3476\/revisions\/3484"}],"wp:attachment":[{"href":"https:\/\/coro.paroquiabaixadabanheira.org\/index.php?rest_route=%2Fwp%2Fv2%2Fmedia&parent=3476"}],"wp:term":[{"taxonomy":"category","embeddable":true,"href":"https:\/\/coro.paroquiabaixadabanheira.org\/index.php?rest_route=%2Fwp%2Fv2%2Fcategories&post=3476"},{"taxonomy":"post_tag","embeddable":true,"href":"https:\/\/coro.paroquiabaixadabanheira.org\/index.php?rest_route=%2Fwp%2Fv2%2Ftags&post=3476"}],"curies":[{"name":"wp","href":"https:\/\/api.w.org\/{rel}","templated":true}]}}