{"id":3543,"date":"2021-03-14T23:32:44","date_gmt":"2021-03-14T23:32:44","guid":{"rendered":"http:\/\/coro.paroquiabaixadabanheira.org\/?p=3543"},"modified":"2021-03-14T23:33:31","modified_gmt":"2021-03-14T23:33:31","slug":"celebracoes-da-eucaristia-com-assembleia-regressam-a-15-de-marco","status":"publish","type":"post","link":"https:\/\/coro.paroquiabaixadabanheira.org\/?p=3543","title":{"rendered":"Celebra\u00e7\u00f5es da Eucaristia com assembleia regressam a 15 de Mar\u00e7o"},"content":{"rendered":"<p>&#8220;O Conselho Permanente da Confer\u00eancia Episcopal Portuguesa (CEP) anunciou hoje o regresso das celebra\u00e7\u00f5es p\u00fablicas da Missa, a partir de 15 de mar\u00e7o, mantendo a suspens\u00e3o de prociss\u00f5es, incluindo o tradicional \u201ccompasso\u201d da P\u00e1scoa. \u201cO Conselho Permanente refletiu sobre a situa\u00e7\u00e3o atual da pandemia e decidiu que as celebra\u00e7\u00f5es da Eucaristia com a presen\u00e7a da assembleia sejam retomadas a partir do dia 15 de mar\u00e7o\u201d, refere uma nota do organismo.<\/p>\n<p>A CEP pede que se evitem prociss\u00f5es e outras express\u00f5es da piedade popular, como as \u2018visitas pascais\u2019 e a \u2018sa\u00edda simb\u00f3lica\u2019 de cruzes, de modo a evitar \u201criscos para a sa\u00fade p\u00fablica\u201d. O regresso das celebra\u00e7\u00f5es p\u00fablicas, que tinham sido suspensas em janeiro, v\u00e3o decorrer de acordo com as orienta\u00e7\u00f5es da Confer\u00eancia Episcopal Portuguesa de 8 de maio de 2020 e \u201cem conson\u00e2ncia com as normas das autoridades de sa\u00fade\u201d.<\/p>\n<p>As mais de 80 indica\u00e7\u00f5es incluem normas para a higieniza\u00e7\u00e3o dos espa\u00e7os, das pessoas e dos objetos de culto, a reserva de quatro metros quadrados para cada participante, o \u201cobrigat\u00f3rio o uso de m\u00e1scara\u201d para todos e a adapta\u00e7\u00e3o de rituais lit\u00fargicos para evitar o contacto f\u00edsico, no contexto da pandemia. \u201cQuanto \u00e0 celebra\u00e7\u00e3o doutros sacramentos, observem-se as normas de seguran\u00e7a e de sa\u00fade referidas nas mesmas orienta\u00e7\u00f5es\u201d, acrescenta a CEP.&#8221;\u00a0 \u00a0 \u00a0 \u00a0 \u00a0 \u00a0 \u00a0 \u00a0 \u00a0 \u00a0 \u00a0 \u00a0 \u00a0 \u00a0 \u00a0 \u00a0 \u00a0 \u00a0 \u00a0<em>in Patriarcado de Lisboa<\/em><\/p>\n<p><a href=\"http:\/\/www.conferenciaepiscopal.pt\/v1\/comunicado-do-conselho-permanente-da-conferencia-episcopal-portuguesa-2\/\">Ler o comunicado completo da CEP<\/a><\/p>\n<p>Do comunicado do nosso P\u00e1roco:<\/p>\n<p>&#8220;Tendo em conta que sempre houve, e continuar\u00e1 a haver, na par\u00f3quia da Baixa da Banheira, um cumprimento rigoroso das orienta\u00e7\u00f5es da Confer\u00eancia Episcopal Portuguesa, assim como, das normas das autoridades de sa\u00fade;<\/p>\n<p>A partir do dia 15 de mar\u00e7o as Eucaristias ser\u00e3o celebradas com as portas da igreja abertas e a presen\u00e7a normal da assembleia, no respeito pelas normas acima mencionadas;<\/p>\n<p>O hor\u00e1rio das Missas, condicionado pelas normas de recolhimento obrigat\u00f3rio aos fins de semana, a partir do dia 15 de Mar\u00e7o, ser\u00e1 como segue:<\/p>\n<p><strong>De Segunda a Sexta feira:<\/strong><br \/>09h00 &#8211; Baixa da Banheira<br \/><strong>S\u00e1bado:<\/strong><br \/>09h00 &#8211; Baixa da Banheira<br \/><strong>Domingo:<\/strong><br \/>09h00 &#8211; Vale da Amoreira<br \/>10h00 &#8211; Baixa da Banheira<br \/>12h00 &#8211; Baixa da Banheira &#8220;<\/p>\n\n\n<p><\/p>\n","protected":false},"excerpt":{"rendered":"<p>&#8220;O Conselho Permanente da Confer\u00eancia Episcopal Portuguesa (CEP) anunciou hoje o regresso das celebra\u00e7\u00f5es p\u00fablicas da Missa, a partir de 15 de mar\u00e7o, mantendo a suspens\u00e3o de prociss\u00f5es, incluindo o tradicional \u201ccompasso\u201d da P\u00e1scoa. \u201cO Conselho Permanente refletiu sobre a &hellip;<\/p>\n<p class=\"read-more\"> <a class=\"more-link\" href=\"https:\/\/coro.paroquiabaixadabanheira.org\/?p=3543\"> <span class=\"screen-reader-text\">Celebra\u00e7\u00f5es da Eucaristia com assembleia regressam a 15 de Mar\u00e7o<\/span> Read More &raquo;<\/a><\/p>\n","protected":false},"author":3,"featured_media":0,"comment_status":"open","ping_status":"open","sticky":false,"template":"","format":"standard","meta":{"footnotes":""},"categories":[1],"tags":[],"class_list":["post-3543","post","type-post","status-publish","format-standard","hentry","category-uncategorized"],"_links":{"self":[{"href":"https:\/\/coro.paroquiabaixadabanheira.org\/index.php?rest_route=\/wp\/v2\/posts\/3543","targetHints":{"allow":["GET"]}}],"collection":[{"href":"https:\/\/coro.paroquiabaixadabanheira.org\/index.php?rest_route=\/wp\/v2\/posts"}],"about":[{"href":"https:\/\/coro.paroquiabaixadabanheira.org\/index.php?rest_route=\/wp\/v2\/types\/post"}],"author":[{"embeddable":true,"href":"https:\/\/coro.paroquiabaixadabanheira.org\/index.php?rest_route=\/wp\/v2\/users\/3"}],"replies":[{"embeddable":true,"href":"https:\/\/coro.paroquiabaixadabanheira.org\/index.php?rest_route=%2Fwp%2Fv2%2Fcomments&post=3543"}],"version-history":[{"count":6,"href":"https:\/\/coro.paroquiabaixadabanheira.org\/index.php?rest_route=\/wp\/v2\/posts\/3543\/revisions"}],"predecessor-version":[{"id":3549,"href":"https:\/\/coro.paroquiabaixadabanheira.org\/index.php?rest_route=\/wp\/v2\/posts\/3543\/revisions\/3549"}],"wp:attachment":[{"href":"https:\/\/coro.paroquiabaixadabanheira.org\/index.php?rest_route=%2Fwp%2Fv2%2Fmedia&parent=3543"}],"wp:term":[{"taxonomy":"category","embeddable":true,"href":"https:\/\/coro.paroquiabaixadabanheira.org\/index.php?rest_route=%2Fwp%2Fv2%2Fcategories&post=3543"},{"taxonomy":"post_tag","embeddable":true,"href":"https:\/\/coro.paroquiabaixadabanheira.org\/index.php?rest_route=%2Fwp%2Fv2%2Ftags&post=3543"}],"curies":[{"name":"wp","href":"https:\/\/api.w.org\/{rel}","templated":true}]}}