{"id":3553,"date":"2021-03-21T17:02:22","date_gmt":"2021-03-21T17:02:22","guid":{"rendered":"http:\/\/coro.paroquiabaixadabanheira.org\/?p=3553"},"modified":"2021-04-02T22:24:17","modified_gmt":"2021-04-02T22:24:17","slug":"canticos-para-a-semana-santa-15","status":"publish","type":"post","link":"https:\/\/coro.paroquiabaixadabanheira.org\/?p=3553","title":{"rendered":"C\u00e2nticos para a Semana Santa"},"content":{"rendered":"<p>Os ensaios para a Semana Santa e Vig\u00edlia Pascal ser\u00e3o \u00e1s 21H\u00a0nos dias:<\/p>\n<ul>\n<li>22, 24, 25, 29, 30, 31 de Mar\u00e7o<\/li>\n<li>Sexta-Feira Santa, dia 02\/04 (Depois da celebra\u00e7\u00e3o da Paix\u00e3o do Senhor)<\/li>\n<li>Trazer tamb\u00e9m a partitura: <a href=\"http:\/\/coro.paroquiabaixadabanheira.org\/reportorio\/quaresma\/hossana.nas.alturas.JAN.pdf\">Hossana nas Alturas (JAN) \u2013 <\/a>Eu Levo a partitura para distribuir<\/li>\n<\/ul>\n<h4>Quinta-feira Santa \u2013 Missa da Ceia do Senhor (<a href=\"https:\/\/www.liturgia.pt\/liturgiadiaria\/dia.php?data=2021-4-1\">Liturgia<\/a>)<\/h4>\n<ul>\n<li>Entrada:\u00a0<a href=\"http:\/\/coro.paroquiabaixadabanheira.org\/reportorio\/quaresma\/toda.a.nossa.gloria.pdf\">Toda a Nossa Gloria<\/a><\/li>\n<li>Momento Penitencial:\u00a0<a href=\"http:\/\/coro.paroquiabaixadabanheira.org\/reportorio\/penitencial\/kyrie.eleison.mario.soroldoni.pdf\">Kyrie Eleison (M\u00e1rio Soroldoni)<\/a><\/li>\n<li>Gl\u00f3ria:\u00a0<a href=\"http:\/\/coro.paroquiabaixadabanheira.org\/reportorio\/gloria\/gloria.a.deus.a.cartageno.pdf\">Gloria Cartageno<\/a><\/li>\n<li>Salmo:\u00a0<em>115 (116)<\/em>\u00a0\u00a0<a href=\"http:\/\/www.liturgia.pt\/multimedia\/mp3\/SalmosResponsoriais\/021_ABC_13_5fSantaCeia-OCaliceDaBencao.mp3\">\u201d\u00a0O c\u00e1lice de b\u00ean\u00e7\u00e3o \u00e9 comunh\u00e3o do Sangue de Cristo\u201d<\/a><\/li>\n<li>Aclama\u00e7\u00e3o da Palavra:\u00a0<a href=\"http:\/\/coro.paroquiabaixadabanheira.org\/reportorio\/quaresma\/gloria.a.vos.m.luis.pdf\">Gl\u00f3ria a\u00a0V\u00f3s, \u00f3 Cristo<\/a>\u00a0<strong>\u201cDou-vos um mandamento novo, diz o Senhor: Amai-vos uns aos outros como Eu vos amei\u201d<\/strong><\/li>\n<li>Ora\u00e7\u00e3o dos Fi\u00e9is:\u00a0<a href=\"http:\/\/coro.paroquiabaixadabanheira.org\/reportorio\/aclamacao\/oracao.universal.pdf\">Respostas<\/a><\/li>\n<li>Apresenta\u00e7\u00e3o dos Dons: <a href=\"http:\/\/coro.paroquiabaixadabanheira.org\/reportorio\/quaresma\/douvos.um.mandamento.novo.pdf\">Dou-vos um Mandamento Novo<\/a><\/li>\n<li>Santo:\u00a0<a href=\"http:\/\/coro.paroquiabaixadabanheira.org\/reportorio\/santo\/santo.carlos.silva.pdf\">Santo Carlos Silva<\/a><\/li>\n<li>Paz\/Cordeiro: <a href=\"http:\/\/coro.paroquiabaixadabanheira.org\/reportorio\/cordeiro\/cordeiro.de.deus.azevedo.pdf\">Cordeiro (Azevedo Oliveira)<\/a> ou\u00a0<a href=\"http:\/\/coro.paroquiabaixadabanheira.org\/reportorio\/cordeiro\/cordeiro.cartageno2.pdf\">Cordeiro\u00a02 Cartageno<\/a><\/li>\n<li>Comunh\u00e3o:\u00a0<a href=\"http:\/\/coro.paroquiabaixadabanheira.org\/reportorio\/comunhao\/corpo.de.jesus.e.alimento.pdf\">O Corpo de Jesus \u00e9 Alimento<\/a><\/li>\n<li>Comunh\u00e3o:\u00a0<a href=\"http:\/\/coro.paroquiabaixadabanheira.org\/reportorio\/gracas\/bendito.sejas.senhor.cartageno.pdf\">Bendito Sejas, Senhor<\/a><\/li>\n<li>Translada\u00e7\u00e3o\u00a0do Sant\u00edssimo:\u00a0<a href=\"http:\/\/coro.paroquiabaixadabanheira.org\/reportorio\/quaresma\/pange.lingua.pdf\">Pange Lingua<\/a><\/li>\n<\/ul>\n<h4>Sexta-feira Santa \u2013 Paix\u00e3o do Senhor\u00a0(<a href=\"https:\/\/www.liturgia.pt\/liturgiadiaria\/dia.php?data=2021-4-2\">Liturgia<\/a>)<\/h4>\n<ul>\n<li>Entrada: (Em sil\u00eancio)<\/li>\n<li>Salmo:\u00a0<em>30 (31)<\/em>\u00a0<a href=\"http:\/\/www.liturgia.pt\/multimedia\/mp3\/SalmosResponsoriais\/022_ABC_14_6fSanta-PaiNasVossasMaos.mp3\">\u201cPai, em vossas m\u00e3os entrego o meu esp\u00edrito\u201d<\/a><\/li>\n<li>Aclama\u00e7\u00e3o da Palavra:\u00a0<a href=\"http:\/\/coro.paroquiabaixadabanheira.org\/reportorio\/quaresma\/gloria.a.vos.m.luis.pdf\">Gl\u00f3ria a\u00a0V\u00f3s, \u00f3 Cristo<\/a>\u00a0<strong>\u201cCristo obedeceu at\u00e9 \u00e0 morte e morte de cruz. Por isso Deus O exaltou e Lhe deu um nome que est\u00e1 acima de todos os nomes\u201d<\/strong><\/li>\n<li>Adora\u00e7\u00e3o da Cruz:\u00a0<a href=\"http:\/\/coro.paroquiabaixadabanheira.org\/reportorio\/quaresma\/eis.o.madeiro.da.cruz.pdf\">Eis o Madeiro da Cruz <\/a>&#8211; colocar a vers\u00e3o nova<\/li>\n<li>Adora\u00e7\u00e3o da Cruz:\u00a0<a href=\"http:\/\/coro.paroquiabaixadabanheira.org\/reportorio\/quaresma\/per.crucem.pdf\">Per Crucem (Taize)<\/a><\/li>\n<li>Adora\u00e7\u00e3o da Cruz:\u00a0<a href=\"http:\/\/coro.paroquiabaixadabanheira.org\/reportorio\/quaresma\/hora.de.noa.pdf\">Por Nosso Amor<\/a><\/li>\n<li>Adora\u00e7\u00e3o da Cruz:\u00a0<a href=\"http:\/\/coro.paroquiabaixadabanheira.org\/reportorio\/quaresma\/povo.meu.que.te.fiz.eu.pdf\">Povo Meu, Que Te Fiz Eu<\/a><\/li>\n<li>Comunh\u00e3o:\u00a0<a href=\"http:\/\/coro.paroquiabaixadabanheira.org\/reportorio\/quaresma\/jesus.cristo.amou.me.pdf\">Jesus Cristo amou-me<\/a><\/li>\n<li>Comunh\u00e3o:\u00a0<a href=\"http:\/\/coro.paroquiabaixadabanheira.org\/reportorio\/comunhao\/corpo.de.jesus.e.alimento.pdf\">O Corpo de Jesus \u00e9 Alimento<\/a> &#8211; substituir por outro c\u00e2ntico<\/li>\n<li>Ac\u00e7\u00e3o de Gra\u00e7as:\u00a0<a href=\"http:\/\/coro.paroquiabaixadabanheira.org\/reportorio\/quaresma\/cobriu.se.a.terra.pdf\">Cobriu-se a Terra de Luto<\/a><\/li>\n<\/ul>\n","protected":false},"excerpt":{"rendered":"<p>Os ensaios para a Semana Santa e Vig\u00edlia Pascal ser\u00e3o \u00e1s 21H\u00a0nos dias: 22, 24, 25, 29, 30, 31 de Mar\u00e7o Sexta-Feira Santa, dia 02\/04 (Depois da celebra\u00e7\u00e3o da Paix\u00e3o do Senhor) Trazer tamb\u00e9m a partitura: Hossana nas Alturas (JAN) &hellip;<\/p>\n<p class=\"read-more\"> <a class=\"more-link\" href=\"https:\/\/coro.paroquiabaixadabanheira.org\/?p=3553\"> <span class=\"screen-reader-text\">C\u00e2nticos para a Semana Santa<\/span> Read More &raquo;<\/a><\/p>\n","protected":false},"author":3,"featured_media":0,"comment_status":"open","ping_status":"open","sticky":false,"template":"","format":"standard","meta":{"footnotes":""},"categories":[1],"tags":[],"class_list":["post-3553","post","type-post","status-publish","format-standard","hentry","category-uncategorized"],"_links":{"self":[{"href":"https:\/\/coro.paroquiabaixadabanheira.org\/index.php?rest_route=\/wp\/v2\/posts\/3553","targetHints":{"allow":["GET"]}}],"collection":[{"href":"https:\/\/coro.paroquiabaixadabanheira.org\/index.php?rest_route=\/wp\/v2\/posts"}],"about":[{"href":"https:\/\/coro.paroquiabaixadabanheira.org\/index.php?rest_route=\/wp\/v2\/types\/post"}],"author":[{"embeddable":true,"href":"https:\/\/coro.paroquiabaixadabanheira.org\/index.php?rest_route=\/wp\/v2\/users\/3"}],"replies":[{"embeddable":true,"href":"https:\/\/coro.paroquiabaixadabanheira.org\/index.php?rest_route=%2Fwp%2Fv2%2Fcomments&post=3553"}],"version-history":[{"count":3,"href":"https:\/\/coro.paroquiabaixadabanheira.org\/index.php?rest_route=\/wp\/v2\/posts\/3553\/revisions"}],"predecessor-version":[{"id":3570,"href":"https:\/\/coro.paroquiabaixadabanheira.org\/index.php?rest_route=\/wp\/v2\/posts\/3553\/revisions\/3570"}],"wp:attachment":[{"href":"https:\/\/coro.paroquiabaixadabanheira.org\/index.php?rest_route=%2Fwp%2Fv2%2Fmedia&parent=3553"}],"wp:term":[{"taxonomy":"category","embeddable":true,"href":"https:\/\/coro.paroquiabaixadabanheira.org\/index.php?rest_route=%2Fwp%2Fv2%2Fcategories&post=3553"},{"taxonomy":"post_tag","embeddable":true,"href":"https:\/\/coro.paroquiabaixadabanheira.org\/index.php?rest_route=%2Fwp%2Fv2%2Ftags&post=3553"}],"curies":[{"name":"wp","href":"https:\/\/api.w.org\/{rel}","templated":true}]}}