{"id":3557,"date":"2021-03-23T01:19:48","date_gmt":"2021-03-23T01:19:48","guid":{"rendered":"http:\/\/coro.paroquiabaixadabanheira.org\/?p=3557"},"modified":"2021-03-23T01:19:49","modified_gmt":"2021-03-23T01:19:49","slug":"vigilia-pascal-e-domingo-de-pascoa-da-ressurreicao-do-senhor-3","status":"publish","type":"post","link":"https:\/\/coro.paroquiabaixadabanheira.org\/?p=3557","title":{"rendered":"Vig\u00edlia Pascal e Domingo de P\u00e1scoa da Ressurrei\u00e7\u00e3o do Senhor"},"content":{"rendered":"<h4 class=\"entry-title post-title\"><span class=\"comments-link\">C\u00e2nticos para a Vig\u00edlia Pascal \u2013 Ano B (<a href=\"https:\/\/www.liturgia.pt\/liturgiadiaria\/dia.php?data=2021-4-4\">liturgia)<\/a><\/span><\/h4>\n<div class=\"post-entry\">\n<p>Liturgia da Luz<\/p>\n<ul>\n<li>Entrada da Luz:\u00a0<a href=\"http:\/\/coro.paroquiabaixadabanheira.org\/reportorio\/pascoa\/eis.a.luz.de.cristo.pdf\">Eis a Luz de Cristo<\/a><\/li>\n<li>Entrada da Luz:\u00a0<a title=\"Taiz\u00e9\" href=\"http:\/\/coro.paroquiabaixadabanheira.org\/reportorio\/pascoa\/a.luz.de.cristo.pdf\">A Luz de Cristo<\/a><\/li>\n<li>An\u00fancio da P\u00e1scoa:\u00a0<a href=\"http:\/\/coro.paroquiabaixadabanheira.org\/reportorio\/pascoa\/preconio.pdf\">Preg\u00e3o Pascal<\/a><\/li>\n<\/ul>\n<p>Liturgia da Palavra<\/p>\n<ul>\n<li>Salmo 1:\u00a032<em>\u00a0(33)<\/em>\u00a0<a href=\"http:\/\/www.liturgia.pt\/multimedia\/mp3\/SalmosResponsoriais\/023_ABC_15VigPascI-ABondade.mp3\"><em>\u201dA bondade do Senhor encheu a terra.\u201d<\/em><\/a><\/li>\n<li>Salmo 2:\u00a0Ex 15\u00a0<a href=\"http:\/\/www.liturgia.pt\/multimedia\/mp3\/SalmosResponsoriais\/024_ABC_16VigPascIII-CantemosAoSenhor.mp3\"><em>\u201dCantemos ao Senhor, que se revestiu de gl\u00f3ria.\u201d<\/em><\/a><\/li>\n<li>Salmo\u00a03:\u00a040<em>\u00a0(41)<\/em>\u00a0<em>\u201dComo o veado anseia p\u2019las \u00e1guas vivas.\u201d<\/em><\/li>\n<li>Gl\u00f3ria:\u00a0<a href=\"http:\/\/coro.paroquiabaixadabanheira.org\/reportorio\/gloria\/gloria.a.deus.a.cartageno.pdf\">Gloria Cartageno<\/a><\/li>\n<li>Aclama\u00e7\u00e3o ao Evangelho: <a href=\"http:\/\/coro.paroquiabaixadabanheira.org\/reportorio\/pascoa\/aleluia.pascal.vigilia.pdf\">Aleluia Pascal \u2013 Vigilia<\/a><\/li>\n<li>Ap\u00f3s o Evangelho:\u00a0<a href=\"http:\/\/coro.paroquiabaixadabanheira.org\/reportorio\/pascoa\/ressuscitou.pdf\">Ressuscitou<\/a><\/li>\n<\/ul>\n<p>Liturgia Baptismal<\/p>\n<ul>\n<li>Ladainha dos santos: <a href=\"http:\/\/coro.paroquiabaixadabanheira.org\/reportorio\/pascoa\/ladainhas.pdf\">Ladainhas<\/a><\/li>\n<li>B\u00ean\u00e7\u00e3o da \u00c1gua: <a title=\"Taiz\u00e9\" href=\"http:\/\/coro.paroquiabaixadabanheira.org\/reportorio\/baptismo\/aguas.das.fontes.pdf\">\u00c1guas das fontes<\/a><\/li>\n<li>Acender as velas: <a href=\"http:\/\/coro.paroquiabaixadabanheira.org\/reportorio\/pascoa\/lumen.christi.amen.pdf\">L\u00famen Christi, \u00c1men!<\/a> ou\u00a0<a title=\"Taiz\u00e9\" href=\"http:\/\/coro.paroquiabaixadabanheira.org\/reportorio\/diversos\/senhor.jesus.pdf\">Senhor Jesus, Tu \u00c9s Luz do Mundo<\/a><\/li>\n<li>Aspers\u00e3o: <a href=\"http:\/\/coro.paroquiabaixadabanheira.org\/reportorio\/baptismo\/vos.que.fostes.baptizados.pdf\">V\u00f3s que Fostes Baptizado<\/a><\/li>\n<\/ul>\n<p>Liturgia Eucar\u00edstica<\/p>\n<ul>\n<li>Ora\u00e7\u00e3o dos Fi\u00e9is:\u00a0<a href=\"http:\/\/coro.paroquiabaixadabanheira.org\/reportorio\/aclamacao\/oracao.universal.pdf\">Respostas<\/a><\/li>\n<li>Apresenta\u00e7\u00e3o dos Dons: <a href=\"http:\/\/coro.paroquiabaixadabanheira.org\/reportorio\/pascoa\/deus.venceu.a.morte.pdf\">Deus Venceu a Morte<\/a><\/li>\n<li>Santo:\u00a0<a href=\"http:\/\/coro.paroquiabaixadabanheira.org\/reportorio\/santo\/santo.carlos.silva.pdf\">Santo Carlos Silva<\/a><\/li>\n<li>Pai-Nosso:\u00a0<a href=\"http:\/\/coro.paroquiabaixadabanheira.org\/reportorio\/painosso\/pai.nosso.2.vozes.pdf\">Pai Nosso (L. Almeida)<\/a><\/li>\n<li>Fra\u00e7\u00e3o do P\u00e3o:<a href=\"http:\/\/coro.paroquiabaixadabanheira.org\/reportorio\/cordeiro\/cordeiro.de.deus.azevedo.pdf\"> Cordeiro (Azevedo Oliveira)<\/a> ou <a href=\"http:\/\/coro.paroquiabaixadabanheira.org\/reportorio\/cordeiro\/cordeiro.cartageno2.pdf\">Cordeiro 2 Cartageno<\/a><\/li>\n<li>Comunh\u00e3o:\u00a0<a href=\"http:\/\/coro.paroquiabaixadabanheira.org\/reportorio\/pascoa\/as.bodas.do.cordeiro.pdf\">\u00c0s Bodas do Cordeiro<\/a><\/li>\n<li>Ac\u00e7\u00e3o de Gra\u00e7as:\u00a0<a href=\"http:\/\/coro.paroquiabaixadabanheira.org\/reportorio\/pascoa\/aleluia.louvor.a.vos.pdf\">Aleluia, louvor a V\u00f3s<\/a><\/li>\n<li>Despedida: <a href=\"http:\/\/coro.paroquiabaixadabanheira.org\/reportorio\/pascoa\/despedida.pascal.pdf\">Despedida Pascal<\/a><\/li>\n<li>Final:\u00a0<a href=\"http:\/\/coro.paroquiabaixadabanheira.org\/reportorio\/pascoa\/hino.a.cristo.ressuscitado.pdf\">Hino a Cristo Ressuscitado<\/a><\/li>\n<li>Final:\u00a0<a href=\"http:\/\/coro.paroquiabaixadabanheira.org\/reportorio\/pascoa\/jesus.cristo.venceu.a.morte.pdf\">Jesus Cristo Venceu a Morte<\/a><\/li>\n<\/ul>\n<h4>C\u00e2nticos para o Domingo de P\u00e1scoa da Ressurrei\u00e7\u00e3o do Senhor (<a href=\"https:\/\/www.liturgia.pt\/liturgiadiaria\/dia.php?data=2021-4-4\">Liturgia<\/a>)<\/h4>\n<ul>\n<li>Entrada:\u00a0<a href=\"http:\/\/coro.paroquiabaixadabanheira.org\/reportorio\/pascoa\/o.senhor.ressuscitou.pdf\">O Senhor Ressuscitou Verdadeiramente<\/a><\/li>\n<li>M. Penitencial:\u00a0<a href=\"http:\/\/coro.paroquiabaixadabanheira.org\/reportorio\/penitencial\/kyrie.eleison.mario.soroldoni.pdf\">Kyrie Eleison (M\u00e1rio Soroldoni)<\/a><\/li>\n<li>Aspers\u00e3o: <a href=\"http:\/\/coro.paroquiabaixadabanheira.org\/reportorio\/baptismo\/vos.que.fostes.baptizados.pdf\">V\u00f3s que Fostes Baptizado<\/a> ou <a href=\"http:\/\/coro.paroquiabaixadabanheira.org\/reportorio\/penitencial\/vi.a.agua.sair.pdf\">Vi a \u00e1gua sai<\/a><a href=\"http:\/\/coro.paroquiabaixadabanheira.org\/reportorio\/diversos\/se.eu.nao.tiver.amor.pdf\">r<\/a><a href=\"http:\/\/coro.paroquiabaixadabanheira.org\/reportorio\/baptismo\/vos.que.fostes.baptizados.pdf\">.<\/a><\/li>\n<li>Gl\u00f3ria:\u00a0<a href=\"http:\/\/coro.paroquiabaixadabanheira.org\/reportorio\/gloria\/gloria.a.deus.a.cartageno.pdf\">Gloria Cartageno<\/a><\/li>\n<li>Salmo:\u00a0117<em>\u00a0(118)<\/em>\u00a0<a href=\"http:\/\/www.liturgia.pt\/multimedia\/mp3\/SalmosResponsoriais\/028_ABC_20DomPascoa-EisODia.mp3\"><em>\u201dEis o dia que fez o senhor. Nele exultemos e nos alegremos.\u201d<\/em><\/a><\/li>\n<li>Aclama\u00e7\u00e3o ao Evangelho: <a href=\"http:\/\/coro.paroquiabaixadabanheira.org\/reportorio\/pascoa\/aleluia.pascal.pdf\">Aleluia Pascal<\/a>\u00a0<strong>\u201cCristo, nosso Cordeiro Pascal, foi imolado: celebremos a festa do Senhor.\u201d<\/strong><\/li>\n<li>Ap\u00f3s o Evangelho:\u00a0<a href=\"http:\/\/coro.paroquiabaixadabanheira.org\/reportorio\/pascoa\/ressuscitou.pdf\">Ressuscitou<\/a><\/li>\n<li>Ora\u00e7\u00e3o dos Fi\u00e9is:\u00a0<a href=\"http:\/\/coro.paroquiabaixadabanheira.org\/reportorio\/aclamacao\/oracao.universal.pdf\">Respostas<\/a><\/li>\n<li>Apresenta\u00e7\u00e3o dos Dons: <a href=\"http:\/\/coro.paroquiabaixadabanheira.org\/reportorio\/pascoa\/deus.venceu.a.morte.pdf\">Deus Venceu a Morte<\/a><\/li>\n<li>Santo:\u00a0<a href=\"http:\/\/coro.paroquiabaixadabanheira.org\/reportorio\/santo\/santo.carlos.silva.pdf\">Santo Carlos Silva<\/a><\/li>\n<li>Pai-Nosso:\u00a0<a href=\"http:\/\/coro.paroquiabaixadabanheira.org\/reportorio\/painosso\/pai.nosso.2.vozes.pdf\">Pai Nosso (L. Almeida)<\/a><\/li>\n<li>Fra\u00e7\u00e3o do P\u00e3o: <a href=\"http:\/\/coro.paroquiabaixadabanheira.org\/reportorio\/cordeiro\/cordeiro.de.deus.azevedo.pdf\">Cordeiro (Azevedo Oliveira)<\/a> ou <a href=\"http:\/\/coro.paroquiabaixadabanheira.org\/reportorio\/cordeiro\/cordeiro.cartageno2.pdf\">Cordeiro 2 Cartageno<\/a><\/li>\n<li>Comunh\u00e3o:\u00a0<a href=\"http:\/\/coro.paroquiabaixadabanheira.org\/reportorio\/pascoa\/a.nossa.pascoa.pdf\">A nossa P\u00e1scoa<\/a> ou <a href=\"http:\/\/coro.paroquiabaixadabanheira.org\/reportorio\/pascoa\/as.bodas.do.cordeiro.pdf\">\u00c0s Bodas do Cordeiro<\/a><\/li>\n<li>Ac\u00e7\u00e3o de Gra\u00e7as: <a href=\"http:\/\/coro.paroquiabaixadabanheira.org\/reportorio\/pascoa\/alegraivos.mae.de.jesus.pdf\">Alegrai-vos, M\u00e3e de Jesus<\/a> ou\u00a0<a href=\"http:\/\/coro.paroquiabaixadabanheira.org\/reportorio\/pascoa\/aleluia.louvor.a.vos.pdf\">Aleluia, louvor a V\u00f3s<\/a><\/li>\n<li>Despedida: <a href=\"http:\/\/coro.paroquiabaixadabanheira.org\/reportorio\/pascoa\/despedida.pascal.pdf\">Despedida Pascal<\/a><\/li>\n<li>Final:\u00a0<a href=\"http:\/\/coro.paroquiabaixadabanheira.org\/reportorio\/pascoa\/hino.a.cristo.ressuscitado.pdf\">Hino a Cristo Ressuscitado<\/a><\/li>\n<li>Final: <a href=\"http:\/\/coro.paroquiabaixadabanheira.org\/reportorio\/pascoa\/jesus.cristo.venceu.a.morte.pdf\">Jesus Cristo Venceu a Morte<\/a><\/li>\n<\/ul>\n<\/div>\n","protected":false},"excerpt":{"rendered":"<p>C\u00e2nticos para a Vig\u00edlia Pascal \u2013 Ano B (liturgia) Liturgia da Luz Entrada da Luz:\u00a0Eis a Luz de Cristo Entrada da Luz:\u00a0A Luz de Cristo An\u00fancio da P\u00e1scoa:\u00a0Preg\u00e3o Pascal Liturgia da Palavra Salmo 1:\u00a032\u00a0(33)\u00a0\u201dA bondade do Senhor encheu a terra.\u201d &hellip;<\/p>\n<p class=\"read-more\"> <a class=\"more-link\" href=\"https:\/\/coro.paroquiabaixadabanheira.org\/?p=3557\"> <span class=\"screen-reader-text\">Vig\u00edlia Pascal e Domingo de P\u00e1scoa da Ressurrei\u00e7\u00e3o do Senhor<\/span> Read More &raquo;<\/a><\/p>\n","protected":false},"author":3,"featured_media":0,"comment_status":"open","ping_status":"open","sticky":false,"template":"","format":"standard","meta":{"footnotes":""},"categories":[1],"tags":[],"class_list":["post-3557","post","type-post","status-publish","format-standard","hentry","category-uncategorized"],"_links":{"self":[{"href":"https:\/\/coro.paroquiabaixadabanheira.org\/index.php?rest_route=\/wp\/v2\/posts\/3557","targetHints":{"allow":["GET"]}}],"collection":[{"href":"https:\/\/coro.paroquiabaixadabanheira.org\/index.php?rest_route=\/wp\/v2\/posts"}],"about":[{"href":"https:\/\/coro.paroquiabaixadabanheira.org\/index.php?rest_route=\/wp\/v2\/types\/post"}],"author":[{"embeddable":true,"href":"https:\/\/coro.paroquiabaixadabanheira.org\/index.php?rest_route=\/wp\/v2\/users\/3"}],"replies":[{"embeddable":true,"href":"https:\/\/coro.paroquiabaixadabanheira.org\/index.php?rest_route=%2Fwp%2Fv2%2Fcomments&post=3557"}],"version-history":[{"count":4,"href":"https:\/\/coro.paroquiabaixadabanheira.org\/index.php?rest_route=\/wp\/v2\/posts\/3557\/revisions"}],"predecessor-version":[{"id":3561,"href":"https:\/\/coro.paroquiabaixadabanheira.org\/index.php?rest_route=\/wp\/v2\/posts\/3557\/revisions\/3561"}],"wp:attachment":[{"href":"https:\/\/coro.paroquiabaixadabanheira.org\/index.php?rest_route=%2Fwp%2Fv2%2Fmedia&parent=3557"}],"wp:term":[{"taxonomy":"category","embeddable":true,"href":"https:\/\/coro.paroquiabaixadabanheira.org\/index.php?rest_route=%2Fwp%2Fv2%2Fcategories&post=3557"},{"taxonomy":"post_tag","embeddable":true,"href":"https:\/\/coro.paroquiabaixadabanheira.org\/index.php?rest_route=%2Fwp%2Fv2%2Ftags&post=3557"}],"curies":[{"name":"wp","href":"https:\/\/api.w.org\/{rel}","templated":true}]}}