{"id":3562,"date":"2021-03-25T00:33:26","date_gmt":"2021-03-25T00:33:26","guid":{"rendered":"http:\/\/coro.paroquiabaixadabanheira.org\/?p=3562"},"modified":"2021-03-25T00:33:29","modified_gmt":"2021-03-25T00:33:29","slug":"domingo-de-ramos-na-paixao-do-senhor-6","status":"publish","type":"post","link":"https:\/\/coro.paroquiabaixadabanheira.org\/?p=3562","title":{"rendered":"Domingo de Ramos na Paix\u00e3o do Senhor"},"content":{"rendered":"<p>&#8220;Os ramos agitados neste dia ser\u00e3o queimados e transformados na cinza que ser\u00e1, na Quarta-feira de cinzas, imposta na nossa cabe\u00e7a. Isto lembra que aqueles que entusiasticamente gritam \u201cHossana!\u201d s\u00e3o os mesmos que pouco tempo depois clamam \u201cCrucifica-O\u201d. Tamb\u00e9m os m\u00fasicos que tanto embelezam as celebra\u00e7\u00f5es pelas suas aclama\u00e7\u00f5es s\u00e3o tamb\u00e9m aqueles por quem tantas vezes os esc\u00e2ndalos surgem nas comunidades.&#8221;\u00a0 \u00a0<em>In Arquidiocese de Braga<\/em><\/p>\n<p><strong>C\u00e2nticos para o Domingo de Ramos na Paix\u00e3o do Senhor \u2013 Ano B (<\/strong><a href=\"https:\/\/www.liturgia.pt\/liturgiadiaria\/dia.php?data=2021-3-28\"><strong>liturgia<\/strong><strong>)<\/strong><\/a><\/p>\n<ul>\n<li>Entrada: <a href=\"http:\/\/coro.paroquiabaixadabanheira.org\/reportorio\/quaresma\/hossana.nas.alturas.JAN.pdf\">Hossana nas Alturas (JAN)\u00a0<\/a><\/li>\n<li>Ben\u00e7\u00e3o dos Ramos: <a href=\"http:\/\/coro.paroquiabaixadabanheira.org\/reportorio\/diversos\/hossana.pdf\">Hossana nas Alturas\u00a0<\/a><\/li>\n<li>Salmo\u00a021\u00a0<em>(22):\u00a0<a href=\"http:\/\/www.liturgia.pt\/multimedia\/mp3\/SalmosResponsoriais\/019_ABC_11SemSantRamos-MeuDeus.mp3\">\u201dMeu Deus, meu Deus, porque me abandonaste?\u201d<\/a><\/em><\/li>\n<li>Aclama\u00e7\u00e3o ao Evangelho:\u00a0<a href=\"http:\/\/coro.paroquiabaixadabanheira.org\/reportorio\/quaresma\/gloria.a.vos.m.luis.pdf\">Gl\u00f3ria a\u00a0V\u00f3s, \u00f3 Cristo<\/a>\u00a0<strong>\u201d Cristo obedeceu at\u00e9 a morte e morte de cruz.<\/strong><strong>\u00a0Por isso Deus O exaltou e Lhe deu um<\/strong><strong>\u00a0nome que est\u00e1 acima de todos os nomes.\u201d<\/strong><\/li>\n<li>Apresenta\u00e7\u00e3o dos Dons:\u00a0<a href=\"http:\/\/coro.paroquiabaixadabanheira.org\/reportorio\/quaresma\/o.estandarte.da.cruz.pdf\">O estandarte da Cruz<\/a><\/li>\n<li>Santo:\u00a0<a href=\"http:\/\/coro.paroquiabaixadabanheira.org\/reportorio\/santo\/santo.f.silva.pdf\">Santo (F. Silva)<\/a><\/li>\n<li>Fra\u00e7\u00e3o do P\u00e3o:\u00a0<a href=\"http:\/\/coro.paroquiabaixadabanheira.org\/reportorio\/cordeiro\/cordeiro.aragues.pdf\">Cordeiro (Aragues)<\/a><\/li>\n<li>Comunh\u00e3o:\u00a0<a href=\"http:\/\/coro.paroquiabaixadabanheira.org\/reportorio\/quaresma\/pai.se.este.calice1.pdf\">Pai, se este c\u00e1lice<\/a><\/li>\n<li>Ac\u00e7\u00e3o de Gra\u00e7as:\u00a0<a href=\"http:\/\/coro.paroquiabaixadabanheira.org\/reportorio\/taize\/in.manus.tuas.pater.pdf\">In manus tuas, pater<\/a><\/li>\n<li>Final:\u00a0<a href=\"http:\/\/coro.paroquiabaixadabanheira.org\/reportorio\/quaresma\/cobriu.se.a.terra.pdf\">Cobriu-se a Terra de Luto<\/a>\u00a0ou\u00a0<a href=\"http:\/\/coro.paroquiabaixadabanheira.org\/reportorio\/quaresma\/hossana.tu.reinaras.pdf\">Hossana!Tu Reinar\u00e1s!<\/a><\/li>\n<\/ul>\n<p>Trazer:<\/p>\n<ul>\n<li>Todas as musicas da P\u00e1scoa e da semana Santa<\/li>\n<\/ul>\n","protected":false},"excerpt":{"rendered":"<p>&#8220;Os ramos agitados neste dia ser\u00e3o queimados e transformados na cinza que ser\u00e1, na Quarta-feira de cinzas, imposta na nossa cabe\u00e7a. Isto lembra que aqueles que entusiasticamente gritam \u201cHossana!\u201d s\u00e3o os mesmos que pouco tempo depois clamam \u201cCrucifica-O\u201d. Tamb\u00e9m os &hellip;<\/p>\n<p class=\"read-more\"> <a class=\"more-link\" href=\"https:\/\/coro.paroquiabaixadabanheira.org\/?p=3562\"> <span class=\"screen-reader-text\">Domingo de Ramos na Paix\u00e3o do Senhor<\/span> Read More &raquo;<\/a><\/p>\n","protected":false},"author":3,"featured_media":0,"comment_status":"open","ping_status":"open","sticky":false,"template":"","format":"standard","meta":{"footnotes":""},"categories":[1],"tags":[],"class_list":["post-3562","post","type-post","status-publish","format-standard","hentry","category-uncategorized"],"_links":{"self":[{"href":"https:\/\/coro.paroquiabaixadabanheira.org\/index.php?rest_route=\/wp\/v2\/posts\/3562","targetHints":{"allow":["GET"]}}],"collection":[{"href":"https:\/\/coro.paroquiabaixadabanheira.org\/index.php?rest_route=\/wp\/v2\/posts"}],"about":[{"href":"https:\/\/coro.paroquiabaixadabanheira.org\/index.php?rest_route=\/wp\/v2\/types\/post"}],"author":[{"embeddable":true,"href":"https:\/\/coro.paroquiabaixadabanheira.org\/index.php?rest_route=\/wp\/v2\/users\/3"}],"replies":[{"embeddable":true,"href":"https:\/\/coro.paroquiabaixadabanheira.org\/index.php?rest_route=%2Fwp%2Fv2%2Fcomments&post=3562"}],"version-history":[{"count":2,"href":"https:\/\/coro.paroquiabaixadabanheira.org\/index.php?rest_route=\/wp\/v2\/posts\/3562\/revisions"}],"predecessor-version":[{"id":3564,"href":"https:\/\/coro.paroquiabaixadabanheira.org\/index.php?rest_route=\/wp\/v2\/posts\/3562\/revisions\/3564"}],"wp:attachment":[{"href":"https:\/\/coro.paroquiabaixadabanheira.org\/index.php?rest_route=%2Fwp%2Fv2%2Fmedia&parent=3562"}],"wp:term":[{"taxonomy":"category","embeddable":true,"href":"https:\/\/coro.paroquiabaixadabanheira.org\/index.php?rest_route=%2Fwp%2Fv2%2Fcategories&post=3562"},{"taxonomy":"post_tag","embeddable":true,"href":"https:\/\/coro.paroquiabaixadabanheira.org\/index.php?rest_route=%2Fwp%2Fv2%2Ftags&post=3562"}],"curies":[{"name":"wp","href":"https:\/\/api.w.org\/{rel}","templated":true}]}}