{"id":3565,"date":"2021-03-28T22:38:24","date_gmt":"2021-03-28T22:38:24","guid":{"rendered":"http:\/\/coro.paroquiabaixadabanheira.org\/?p=3565"},"modified":"2021-03-28T22:38:25","modified_gmt":"2021-03-28T22:38:25","slug":"laudes-de-sexta-feira-santa-6","status":"publish","type":"post","link":"https:\/\/coro.paroquiabaixadabanheira.org\/?p=3565","title":{"rendered":"Laudes de Sexta-Feira Santa"},"content":{"rendered":"<p>\u00c0s 9h00 do dia 02\/04\/2019 (Sexta-feira Santa) o coro tem a responsabilidade de coordenar a ora\u00e7\u00e3o de <strong>Laudes<\/strong>\u00a0-uma das horas lit\u00fargicas da Liturgia das Horas que destina-se a santificar o tempo da manh\u00e3, consagrando a Deus os primeiros movimentos e a atividade de todo o dia que come\u00e7a.<\/p>\n<p>No dia 30\/03\/2019 (Ter\u00e7a-Feira Santa) para al\u00e9m do ensaio das musicas do Tr\u00edduo Pascal iremos ensaiar tamb\u00e9m as laudes. Trazer as seguintes musicas:<\/p>\n<ul>\n<li>Invitat\u00f3rio:\u00a0<a href=\"http:\/\/coro.paroquiabaixadabanheira.org\/reportorio\/livros\/invitatorio.pdf\">Cristo, filho de Deus, resgatou-nos com o seu Sangue &#8211; NOVO<\/a><\/li>\n<li><a href=\"http:\/\/coro.paroquiabaixadabanheira.org\/reportorio\/livros\/hossana.tu.reinaras.pdf\">Hossana!Tu Reinar\u00e1s! &#8211; NOVO<\/a><\/li>\n<li><a href=\"http:\/\/coro.paroquiabaixadabanheira.org\/reportorio\/livros\/laudes.sexta.pdf\">Ora\u00e7\u00e3o de Laudes \u2013 Sexta-Feira Santa<\/a><\/li>\n<li><a href=\"http:\/\/coro.paroquiabaixadabanheira.org\/reportorio\/penitencial\/senhor.tende.piedade.2.pdf\">Senhor, Tende Piedade\u00a0T.Aragues<\/a><\/li>\n<li>Final:\u00a0<a href=\"http:\/\/coro.paroquiabaixadabanheira.org\/reportorio\/quaresma\/o.estandarte.da.cruz.pdf\">O estandarte da Cruz<\/a><\/li>\n<\/ul>\n","protected":false},"excerpt":{"rendered":"<p>\u00c0s 9h00 do dia 02\/04\/2019 (Sexta-feira Santa) o coro tem a responsabilidade de coordenar a ora\u00e7\u00e3o de Laudes\u00a0-uma das horas lit\u00fargicas da Liturgia das Horas que destina-se a santificar o tempo da manh\u00e3, consagrando a Deus os primeiros movimentos e &hellip;<\/p>\n<p class=\"read-more\"> <a class=\"more-link\" href=\"https:\/\/coro.paroquiabaixadabanheira.org\/?p=3565\"> <span class=\"screen-reader-text\">Laudes de Sexta-Feira Santa<\/span> Read More &raquo;<\/a><\/p>\n","protected":false},"author":3,"featured_media":0,"comment_status":"open","ping_status":"open","sticky":false,"template":"","format":"standard","meta":{"footnotes":""},"categories":[1],"tags":[],"class_list":["post-3565","post","type-post","status-publish","format-standard","hentry","category-uncategorized"],"_links":{"self":[{"href":"https:\/\/coro.paroquiabaixadabanheira.org\/index.php?rest_route=\/wp\/v2\/posts\/3565","targetHints":{"allow":["GET"]}}],"collection":[{"href":"https:\/\/coro.paroquiabaixadabanheira.org\/index.php?rest_route=\/wp\/v2\/posts"}],"about":[{"href":"https:\/\/coro.paroquiabaixadabanheira.org\/index.php?rest_route=\/wp\/v2\/types\/post"}],"author":[{"embeddable":true,"href":"https:\/\/coro.paroquiabaixadabanheira.org\/index.php?rest_route=\/wp\/v2\/users\/3"}],"replies":[{"embeddable":true,"href":"https:\/\/coro.paroquiabaixadabanheira.org\/index.php?rest_route=%2Fwp%2Fv2%2Fcomments&post=3565"}],"version-history":[{"count":3,"href":"https:\/\/coro.paroquiabaixadabanheira.org\/index.php?rest_route=\/wp\/v2\/posts\/3565\/revisions"}],"predecessor-version":[{"id":3568,"href":"https:\/\/coro.paroquiabaixadabanheira.org\/index.php?rest_route=\/wp\/v2\/posts\/3565\/revisions\/3568"}],"wp:attachment":[{"href":"https:\/\/coro.paroquiabaixadabanheira.org\/index.php?rest_route=%2Fwp%2Fv2%2Fmedia&parent=3565"}],"wp:term":[{"taxonomy":"category","embeddable":true,"href":"https:\/\/coro.paroquiabaixadabanheira.org\/index.php?rest_route=%2Fwp%2Fv2%2Fcategories&post=3565"},{"taxonomy":"post_tag","embeddable":true,"href":"https:\/\/coro.paroquiabaixadabanheira.org\/index.php?rest_route=%2Fwp%2Fv2%2Ftags&post=3565"}],"curies":[{"name":"wp","href":"https:\/\/api.w.org\/{rel}","templated":true}]}}