{"id":3639,"date":"2021-07-14T23:43:00","date_gmt":"2021-07-14T23:43:00","guid":{"rendered":"http:\/\/coro.paroquiabaixadabanheira.org\/?p=3639"},"modified":"2021-07-14T23:51:40","modified_gmt":"2021-07-14T23:51:40","slug":"domingo-xvi-do-tempo-comum-13","status":"publish","type":"post","link":"https:\/\/coro.paroquiabaixadabanheira.org\/?p=3639","title":{"rendered":"Domingo XVI do Tempo Comum"},"content":{"rendered":"<p style=\"text-align: left;\">\u201dNum coro, o maestro \u00e9 aquele que agrega, que impede que as ovelhas \u2013 cantores e instrumentistas \u2013 se desgarrem por \u201cvales tenebrosos\u201d ou enfrentem as dificuldades musicais temerosamente. Nesses momentos, a sua batuta enche de confian\u00e7a. Assim, ele vai preparando a mesa com os manjares suculentos da harmonia, da linha mel\u00f3dica segura, do ritmo firme e sem hesita\u00e7\u00f5es e do sil\u00eancio ressonante, delicioso e perfumado.&#8221;\u00a0 \u00a0 \u00a0 \u00a0 \u00a0 \u00a0 \u00a0 \u00a0 \u00a0 \u00a0 \u00a0 \u00a0 \u00a0 \u00a0 \u00a0 \u00a0 \u00a0 \u00a0 \u00a0 \u00a0 \u00a0 \u00a0 \u00a0 \u00a0 \u00a0 \u00a0 \u00a0 \u00a0 \u00a0 \u00a0 \u00a0 \u00a0 \u00a0 \u00a0 \u00a0 \u00a0 \u00a0 \u00a0 \u00a0 \u00a0 \u00a0 \u00a0 \u00a0 \u00a0 \u00a0 \u00a0 \u00a0 \u00a0 \u00a0 \u00a0 \u00a0 \u00a0 \u00a0 \u00a0 \u00a0 \u00a0 \u00a0 \u00a0 \u00a0 \u00a0 \u00a0 \u00a0 <em>In Arquidiocese de Braga<\/em><\/p>\n<p><strong>C\u00e2nticos para o Domingo XVI do Tempo Comum \u2013 Ano B<\/strong>\u00a0(<a href=\"https:\/\/www.liturgia.pt\/liturgiadiaria\/dia.php?data=2021-7-18\">Liturgia<\/a>)<\/p>\n<ul>\n<li>Entrada: <a href=\"http:\/\/coro.paroquiabaixadabanheira.org\/reportorio\/entrada\/deus.vem.em.meu.aux%C3%ADlio.pdf\">Deus vem em meu auxilio<\/a><\/li>\n<li>Acto Penitencial:\u00a0<a href=\"http:\/\/coro.paroquiabaixadabanheira.org\/reportorio\/penitencial\/senhor.tem.piedade.de.nos.pdf\">Somos o Teu Povo Pecador<\/a><\/li>\n<li>Salmo: 22<em> (23) <a href=\"https:\/\/www.liturgia.pt\/multimedia\/mp3\/SalmosResponsoriais\/100_TC_B_16Dom-OSenhorEMeuPastor.mp3\">\u201d O Senhor \u00e9 meu pastor: nada me faltar\u00e1.\u201d<\/a><\/em><\/li>\n<li>Aclama\u00e7\u00e3o ao Evangelho: <a href=\"http:\/\/coro.paroquiabaixadabanheira.org\/reportorio\/aclama\/aleluia.joao.santos.pdf\">Aleluia\u00a0(Jo\u00e3o Santos)<\/a> ou <a href=\"http:\/\/coro.paroquiabaixadabanheira.org\/reportorio\/aclama\/aleluia.pdf\">Aleluia\u00a0(Jos\u00e9 Ant\u00f3nio)<\/a>\u00a0<strong>\u201cAs minhas ovelhas escutam a minha voz, diz o Senhor; Eu conhe\u00e7o as minhas ovelhas e elas seguem-Me.\u201d<\/strong><\/li>\n<li>Apresenta\u00e7\u00e3o dos Dons:\u00a0<a href=\"http:\/\/coro.paroquiabaixadabanheira.org\/reportorio\/ofertorio\/eu.vos.darei.pastores.pdf\">Eu vos darei pastores<\/a><\/li>\n<li>Santo:\u00a0<a href=\"http:\/\/coro.paroquiabaixadabanheira.org\/reportorio\/santo\/santo.ferreira.santos.pdf\">Santo Ferreira dos Santos<\/a><\/li>\n<li>Fra\u00e7\u00e3o do P\u00e3o:<a href=\"http:\/\/coro.paroquiabaixadabanheira.org\/reportorio\/cordeiro\/cordeiro.aragues.pdf\">\u00a0Cordeiro (Aragues)<\/a><\/li>\n<li>Comunh\u00e3o: <a href=\"http:\/\/coro.paroquiabaixadabanheira.org\/reportorio\/comunhao\/deus.e.bom.pastor.pdf\">Deus \u00e9 bom pastor<\/a>\u00a0ou\u00a0<a href=\"http:\/\/coro.paroquiabaixadabanheira.org\/reportorio\/comunhao\/cordeiro.de.deus.carlos.silva.pdf\">O Cordeiro de Deus \u00e9 o nosso Pastor<\/a><\/li>\n<li>Ac\u00e7\u00e3o de Gra\u00e7as: <a href=\"http:\/\/coro.paroquiabaixadabanheira.org\/reportorio\/taize\/o.senhor.e.a.minha.forca.pdf\">O Senhor \u00e9 a minha for\u00e7a<\/a><\/li>\n<li>Final: <a href=\"http:\/\/coro.paroquiabaixadabanheira.org\/reportorio\/final\/jesus.cristo.ontem.hoje.pdf\">Jesus Cristo, Ontem e Hoje<\/a><\/li>\n<\/ul>\n<p>Trazer<\/p>\n<ul>\n<li><a href=\"http:\/\/coro.paroquiabaixadabanheira.org\/reportorio\/palavra\/feliz.s%C3%A3o.os.que.ouvem.refrao.pdf\">Feliz s\u00e3o os que ouvem<\/a><\/li>\n<li><a href=\"http:\/\/coro.paroquiabaixadabanheira.org\/reportorio\/diversos\/respostas.assembleia.pdf\">Respostas da Assembleia<\/a> &#8211; Respostas da assembleia ao canto do celebrante<\/li>\n<\/ul>\n","protected":false},"excerpt":{"rendered":"<p>\u201dNum coro, o maestro \u00e9 aquele que agrega, que impede que as ovelhas \u2013 cantores e instrumentistas \u2013 se desgarrem por \u201cvales tenebrosos\u201d ou enfrentem as dificuldades musicais temerosamente. Nesses momentos, a sua batuta enche de confian\u00e7a. Assim, ele vai &hellip;<\/p>\n<p class=\"read-more\"> <a class=\"more-link\" href=\"https:\/\/coro.paroquiabaixadabanheira.org\/?p=3639\"> <span class=\"screen-reader-text\">Domingo XVI do Tempo Comum<\/span> Read More &raquo;<\/a><\/p>\n","protected":false},"author":3,"featured_media":0,"comment_status":"open","ping_status":"open","sticky":false,"template":"","format":"standard","meta":{"footnotes":""},"categories":[1],"tags":[],"class_list":["post-3639","post","type-post","status-publish","format-standard","hentry","category-uncategorized"],"_links":{"self":[{"href":"https:\/\/coro.paroquiabaixadabanheira.org\/index.php?rest_route=\/wp\/v2\/posts\/3639","targetHints":{"allow":["GET"]}}],"collection":[{"href":"https:\/\/coro.paroquiabaixadabanheira.org\/index.php?rest_route=\/wp\/v2\/posts"}],"about":[{"href":"https:\/\/coro.paroquiabaixadabanheira.org\/index.php?rest_route=\/wp\/v2\/types\/post"}],"author":[{"embeddable":true,"href":"https:\/\/coro.paroquiabaixadabanheira.org\/index.php?rest_route=\/wp\/v2\/users\/3"}],"replies":[{"embeddable":true,"href":"https:\/\/coro.paroquiabaixadabanheira.org\/index.php?rest_route=%2Fwp%2Fv2%2Fcomments&post=3639"}],"version-history":[{"count":4,"href":"https:\/\/coro.paroquiabaixadabanheira.org\/index.php?rest_route=\/wp\/v2\/posts\/3639\/revisions"}],"predecessor-version":[{"id":3644,"href":"https:\/\/coro.paroquiabaixadabanheira.org\/index.php?rest_route=\/wp\/v2\/posts\/3639\/revisions\/3644"}],"wp:attachment":[{"href":"https:\/\/coro.paroquiabaixadabanheira.org\/index.php?rest_route=%2Fwp%2Fv2%2Fmedia&parent=3639"}],"wp:term":[{"taxonomy":"category","embeddable":true,"href":"https:\/\/coro.paroquiabaixadabanheira.org\/index.php?rest_route=%2Fwp%2Fv2%2Fcategories&post=3639"},{"taxonomy":"post_tag","embeddable":true,"href":"https:\/\/coro.paroquiabaixadabanheira.org\/index.php?rest_route=%2Fwp%2Fv2%2Ftags&post=3639"}],"curies":[{"name":"wp","href":"https:\/\/api.w.org\/{rel}","templated":true}]}}