{"id":3645,"date":"2021-07-21T22:20:32","date_gmt":"2021-07-21T22:20:32","guid":{"rendered":"http:\/\/coro.paroquiabaixadabanheira.org\/?p=3645"},"modified":"2021-07-21T22:20:33","modified_gmt":"2021-07-21T22:20:33","slug":"domingo-xvii-do-tempo-comum-11","status":"publish","type":"post","link":"https:\/\/coro.paroquiabaixadabanheira.org\/?p=3645","title":{"rendered":"Domingo XVII do Tempo Comum"},"content":{"rendered":"<p>&#8220;O bom mestre de coro \u00e9 aquele que consegue fazer muito partindo de pouco. \u00c9 f\u00e1cil obter um bom resultado sonoro de um coro profissional, seja qual for o report\u00f3rio; o engenho est\u00e1 em, partindo de uma mat\u00e9ria-prima modesta, desmultiplicar as capacidades dos coralistas e escolher um report\u00f3rio que permita isso. Todavia, a melhor forma de multiplicar \u00e9 p\u00f4r a assembleia a cantar com o coro, ficando todos saciados.&#8221;\u00a0 <em>In Arquidiocese de Braga<\/em><\/p>\n<p><strong>C\u00e2nticos para o Domingo XVII do Tempo Comum \u2013 Ano B<\/strong>\u00a0(<a href=\"https:\/\/www.liturgia.pt\/liturgiadiaria\/dia.php?data=2021-7-25\">Liturgia<\/a>)<\/p>\n<ul>\n<li>Entrada: <a href=\"http:\/\/coro.paroquiabaixadabanheira.org\/reportorio\/entrada\/vinde.a.presenca.de.deus.pdf\">Vinde \u00e0 Presen\u00e7a de Deus<\/a><\/li>\n<li>Acto Penitencial:\u00a0<a href=\"http:\/\/coro.paroquiabaixadabanheira.org\/reportorio\/penitencial\/senhor.tem.piedade.de.nos.pdf\">Somos o Teu Povo Pecador<\/a><\/li>\n<li>Salmo: 144<em> (145) <a href=\"https:\/\/www.liturgia.pt\/multimedia\/mp3\/SalmosResponsoriais\/101_TC_B_17Dom-VosAbris.mp3\">\u201d Abris, Senhor, as vossas m\u00e3os e saciais a nossa fome..\u201d<\/a><\/em><\/li>\n<li>Aclama\u00e7\u00e3o ao Evangelho:\u00a0<a href=\"http:\/\/coro.paroquiabaixadabanheira.org\/reportorio\/aclama\/aleluia.joao.santos.pdf\">Aleluia\u00a0(Jo\u00e3o Santos)<\/a> <strong>\u201cApareceu entre n\u00f3s um grande profeta: Deus visitou o seu povo.\u201d<\/strong><\/li>\n<li>Apresenta\u00e7\u00e3o dos Dons: <a href=\"http:\/\/coro.paroquiabaixadabanheira.org\/reportorio\/ofertorio\/saciastes.o.vosso.povo.pdf\">Saciastes o vosso povo<\/a><\/li>\n<li>Santo:\u00a0<a href=\"http:\/\/coro.paroquiabaixadabanheira.org\/reportorio\/santo\/santo.ferreira.santos.pdf\">Santo Ferreira dos Santos<\/a><\/li>\n<li>Fra\u00e7\u00e3o do P\u00e3o:<a href=\"http:\/\/coro.paroquiabaixadabanheira.org\/reportorio\/cordeiro\/cordeiro.aragues.pdf\">\u00a0Cordeiro (Aragues)<\/a><\/li>\n<li>Comunh\u00e3o: <a href=\"http:\/\/coro.paroquiabaixadabanheira.org\/reportorio\/comunhao\/formamos.um.so.corpo.pdf\">Formamos um s\u00f3 Corpo<\/a><\/li>\n<li>Ac\u00e7\u00e3o de Gra\u00e7as: <a href=\"http:\/\/coro.paroquiabaixadabanheira.org\/reportorio\/final\/quero.bendizer.vos.cartageno.pdf\">Quero Bendizer-vos\u00a0<\/a><\/li>\n<li>Final: <a href=\"http:\/\/coro.paroquiabaixadabanheira.org\/reportorio\/final\/os.povos.vos.louvem.pdf\">Os povos vos louvem\u00a0<\/a><\/li>\n<\/ul>\n<p>Trazer<\/p>\n<ul>\n<li><a href=\"http:\/\/coro.paroquiabaixadabanheira.org\/reportorio\/palavra\/feliz.s%C3%A3o.os.que.ouvem.refrao.pdf\">Feliz s\u00e3o os que ouvem<\/a><\/li>\n<li><a href=\"http:\/\/coro.paroquiabaixadabanheira.org\/reportorio\/diversos\/respostas.assembleia.pdf\">Respostas da Assembleia<\/a>\u00a0\u2013 Respostas da assembleia ao canto do celebrante<\/li>\n<\/ul>\n","protected":false},"excerpt":{"rendered":"<p>&#8220;O bom mestre de coro \u00e9 aquele que consegue fazer muito partindo de pouco. \u00c9 f\u00e1cil obter um bom resultado sonoro de um coro profissional, seja qual for o report\u00f3rio; o engenho est\u00e1 em, partindo de uma mat\u00e9ria-prima modesta, desmultiplicar &hellip;<\/p>\n<p class=\"read-more\"> <a class=\"more-link\" href=\"https:\/\/coro.paroquiabaixadabanheira.org\/?p=3645\"> <span class=\"screen-reader-text\">Domingo XVII do Tempo Comum<\/span> Read More &raquo;<\/a><\/p>\n","protected":false},"author":3,"featured_media":0,"comment_status":"open","ping_status":"open","sticky":false,"template":"","format":"standard","meta":{"footnotes":""},"categories":[1],"tags":[],"class_list":["post-3645","post","type-post","status-publish","format-standard","hentry","category-uncategorized"],"_links":{"self":[{"href":"https:\/\/coro.paroquiabaixadabanheira.org\/index.php?rest_route=\/wp\/v2\/posts\/3645","targetHints":{"allow":["GET"]}}],"collection":[{"href":"https:\/\/coro.paroquiabaixadabanheira.org\/index.php?rest_route=\/wp\/v2\/posts"}],"about":[{"href":"https:\/\/coro.paroquiabaixadabanheira.org\/index.php?rest_route=\/wp\/v2\/types\/post"}],"author":[{"embeddable":true,"href":"https:\/\/coro.paroquiabaixadabanheira.org\/index.php?rest_route=\/wp\/v2\/users\/3"}],"replies":[{"embeddable":true,"href":"https:\/\/coro.paroquiabaixadabanheira.org\/index.php?rest_route=%2Fwp%2Fv2%2Fcomments&post=3645"}],"version-history":[{"count":2,"href":"https:\/\/coro.paroquiabaixadabanheira.org\/index.php?rest_route=\/wp\/v2\/posts\/3645\/revisions"}],"predecessor-version":[{"id":3647,"href":"https:\/\/coro.paroquiabaixadabanheira.org\/index.php?rest_route=\/wp\/v2\/posts\/3645\/revisions\/3647"}],"wp:attachment":[{"href":"https:\/\/coro.paroquiabaixadabanheira.org\/index.php?rest_route=%2Fwp%2Fv2%2Fmedia&parent=3645"}],"wp:term":[{"taxonomy":"category","embeddable":true,"href":"https:\/\/coro.paroquiabaixadabanheira.org\/index.php?rest_route=%2Fwp%2Fv2%2Fcategories&post=3645"},{"taxonomy":"post_tag","embeddable":true,"href":"https:\/\/coro.paroquiabaixadabanheira.org\/index.php?rest_route=%2Fwp%2Fv2%2Ftags&post=3645"}],"curies":[{"name":"wp","href":"https:\/\/api.w.org\/{rel}","templated":true}]}}