{"id":3649,"date":"2021-08-15T18:18:34","date_gmt":"2021-08-15T18:18:34","guid":{"rendered":"http:\/\/coro.paroquiabaixadabanheira.org\/?p=3649"},"modified":"2021-08-15T18:18:35","modified_gmt":"2021-08-15T18:18:35","slug":"ferias-do-grupo-coral-8","status":"publish","type":"post","link":"https:\/\/coro.paroquiabaixadabanheira.org\/?p=3649","title":{"rendered":"F\u00e9rias do Grupo Coral"},"content":{"rendered":"<p>Chegamos ao m\u00eas de Agosto, m\u00eas que o Grupo Coral cessa temporariamente o servi\u00e7o prestado \u00e0 par\u00f3quia e \u00e0 comunidade por motivo de f\u00e9rias.<\/p>\n<p>Descansem muito para entrar em Setembro com mais for\u00e7a e dedica\u00e7\u00e3o a este servi\u00e7o lit\u00fargico, de forma a superar as dificuldades de cada um.<\/p>\n<p>Neste tempo de pandemia devemos seguir as indica\u00e7\u00f5es da DGS e ter todos os cuidado nas f\u00e9rias de modo a n\u00e3o ficarmos contagiados com o COVID-19 e retomarmos os ensaios todos de boa sa\u00fade.<\/p>\n<p>Ser\u00e3o retomados os ensaios no dia 3<strong>\u00a0de Setembro,<\/strong>\u00a0sexta-feira \u00e0s 21h na igreja.<\/p>\n<p>Para os nosso seguidores desejamos tamb\u00e9m umas boas f\u00e9rias com sa\u00fade.<\/p>\n","protected":false},"excerpt":{"rendered":"<p>Chegamos ao m\u00eas de Agosto, m\u00eas que o Grupo Coral cessa temporariamente o servi\u00e7o prestado \u00e0 par\u00f3quia e \u00e0 comunidade por motivo de f\u00e9rias. Descansem muito para entrar em Setembro com mais for\u00e7a e dedica\u00e7\u00e3o a este servi\u00e7o lit\u00fargico, de &hellip;<\/p>\n<p class=\"read-more\"> <a class=\"more-link\" href=\"https:\/\/coro.paroquiabaixadabanheira.org\/?p=3649\"> <span class=\"screen-reader-text\">F\u00e9rias do Grupo Coral<\/span> Read More &raquo;<\/a><\/p>\n","protected":false},"author":3,"featured_media":0,"comment_status":"open","ping_status":"open","sticky":false,"template":"","format":"standard","meta":{"footnotes":""},"categories":[1],"tags":[],"class_list":["post-3649","post","type-post","status-publish","format-standard","hentry","category-uncategorized"],"_links":{"self":[{"href":"https:\/\/coro.paroquiabaixadabanheira.org\/index.php?rest_route=\/wp\/v2\/posts\/3649","targetHints":{"allow":["GET"]}}],"collection":[{"href":"https:\/\/coro.paroquiabaixadabanheira.org\/index.php?rest_route=\/wp\/v2\/posts"}],"about":[{"href":"https:\/\/coro.paroquiabaixadabanheira.org\/index.php?rest_route=\/wp\/v2\/types\/post"}],"author":[{"embeddable":true,"href":"https:\/\/coro.paroquiabaixadabanheira.org\/index.php?rest_route=\/wp\/v2\/users\/3"}],"replies":[{"embeddable":true,"href":"https:\/\/coro.paroquiabaixadabanheira.org\/index.php?rest_route=%2Fwp%2Fv2%2Fcomments&post=3649"}],"version-history":[{"count":1,"href":"https:\/\/coro.paroquiabaixadabanheira.org\/index.php?rest_route=\/wp\/v2\/posts\/3649\/revisions"}],"predecessor-version":[{"id":3650,"href":"https:\/\/coro.paroquiabaixadabanheira.org\/index.php?rest_route=\/wp\/v2\/posts\/3649\/revisions\/3650"}],"wp:attachment":[{"href":"https:\/\/coro.paroquiabaixadabanheira.org\/index.php?rest_route=%2Fwp%2Fv2%2Fmedia&parent=3649"}],"wp:term":[{"taxonomy":"category","embeddable":true,"href":"https:\/\/coro.paroquiabaixadabanheira.org\/index.php?rest_route=%2Fwp%2Fv2%2Fcategories&post=3649"},{"taxonomy":"post_tag","embeddable":true,"href":"https:\/\/coro.paroquiabaixadabanheira.org\/index.php?rest_route=%2Fwp%2Fv2%2Ftags&post=3649"}],"curies":[{"name":"wp","href":"https:\/\/api.w.org\/{rel}","templated":true}]}}