{"id":3652,"date":"2021-09-01T22:23:31","date_gmt":"2021-09-01T22:23:31","guid":{"rendered":"http:\/\/coro.paroquiabaixadabanheira.org\/?p=3652"},"modified":"2021-09-01T22:23:33","modified_gmt":"2021-09-01T22:23:33","slug":"domingo-xxiii-do-tempo-comum-12","status":"publish","type":"post","link":"https:\/\/coro.paroquiabaixadabanheira.org\/?p=3652","title":{"rendered":"Domingo XXIII do Tempo Comum"},"content":{"rendered":"<p>Inicio dos ensaios do novo Ano Pastoral 2021\/2022 \u2013 dia<strong> 3 de Setembro \u00e0s 21h\u00a0<\/strong><\/p>\n<p><strong>C\u00e2nticos para o Domingo XXIII do Tempo Comum \u2013 Ano B<\/strong>\u00a0(<a href=\"https:\/\/www.liturgia.pt\/liturgiadiaria\/dia.php?data=2021-9-5\" data-wplink-edit=\"true\">Liturgia<\/a>)<\/p>\n<ul>\n<li>Entrada: <a href=\"http:\/\/coro.paroquiabaixadabanheira.org\/reportorio\/entrada\/meu.senhor.eu.vos.amo.pdf\">Meu Senhor Eu Vos Amo<\/a><\/li>\n<li>Acto Penitencial: <a href=\"http:\/\/coro.paroquiabaixadabanheira.org\/reportorio\/penitencial\/senhor.tende.piedade.3.pdf\">Senhor Tende Piedade (M. Alentejana)<\/a><\/li>\n<li>Salmo: 145<em> (146) <a href=\"https:\/\/www.liturgia.pt\/multimedia\/mp3\/SalmosResponsoriais\/105_TC_B_23Dom-OMinhaAlma.mp3\">\u201d \u00d3 minha alma, louva o Senhor.\u201d<\/a><\/em><\/li>\n<li>Aclama\u00e7\u00e3o ao Evangelho:\u00a0<a href=\"http:\/\/coro.paroquiabaixadabanheira.org\/reportorio\/aclama\/aleluia.joao.santos.pdf\">Aleluia\u00a0(Jo\u00e3o Santos)<\/a>\u00a0<strong>\u201cJesus pregava o Evangelho do reino e curava todas as enfermidades entre o povo.\u201d<\/strong><\/li>\n<li>Apresenta\u00e7\u00e3o dos Dons: S\u00e3o grandes as obras do Senhor (Salmo p\u00e1g.476)<\/li>\n<li>Santo: <a href=\"http:\/\/coro.paroquiabaixadabanheira.org\/reportorio\/santo\/santo.cartageno2.pdf\">Santo Cartageno 2<\/a><\/li>\n<li>Fra\u00e7\u00e3o do P\u00e3o: <a href=\"http:\/\/coro.paroquiabaixadabanheira.org\/reportorio\/cordeiro\/cordeiro.cartageno.pdf\">Cordeiro (A. Cartageno)<\/a><\/li>\n<li>Comunh\u00e3o:\u00a0<a href=\"http:\/\/coro.paroquiabaixadabanheira.org\/reportorio\/comunhao\/como.suspira.o.veado.pdf\">Como suspira o veado <\/a>ou <a href=\"http:\/\/coro.paroquiabaixadabanheira.org\/reportorio\/comunhao\/eu.sou.o.pao.da.vida.pdf\">Eu sou o P\u00e3o da Vida<\/a><\/li>\n<li>Ac\u00e7\u00e3o de Gra\u00e7as:\u00a0<a href=\"http:\/\/coro.paroquiabaixadabanheira.org\/reportorio\/ofertorio\/dai.gracas.ao.senhor.pdf\">Dai gra\u00e7as ao senhor porque \u00e9 eterna<\/a> ou <a href=\"http:\/\/coro.paroquiabaixadabanheira.org\/reportorio\/taize\/o.senhor.e.a.minha.forca.pdf\">O Senhor \u00e9 a minha for\u00e7a<\/a><\/li>\n<li>Final: <a href=\"http:\/\/coro.paroquiabaixadabanheira.org\/reportorio\/final\/exulta.de.alegria.pdf\">Exulta de alegria no Senhor<\/a><\/li>\n<\/ul>\n<p>Trazer<\/p>\n<ul>\n<li><a href=\"http:\/\/coro.paroquiabaixadabanheira.org\/reportorio\/palavra\/feliz.s%C3%A3o.os.que.ouvem.refrao.pdf\">Feliz s\u00e3o os que ouvem<\/a><\/li>\n<li><a href=\"http:\/\/coro.paroquiabaixadabanheira.org\/reportorio\/diversos\/respostas.assembleia.pdf\">Respostas da Assembleia<\/a>\u00a0\u2013 Respostas da assembleia ao canto do celebrante<\/li>\n<\/ul>\n","protected":false},"excerpt":{"rendered":"<p>Inicio dos ensaios do novo Ano Pastoral 2021\/2022 \u2013 dia 3 de Setembro \u00e0s 21h\u00a0 C\u00e2nticos para o Domingo XXIII do Tempo Comum \u2013 Ano B\u00a0(Liturgia) Entrada: Meu Senhor Eu Vos Amo Acto Penitencial: Senhor Tende Piedade (M. Alentejana) Salmo: &hellip;<\/p>\n<p class=\"read-more\"> <a class=\"more-link\" href=\"https:\/\/coro.paroquiabaixadabanheira.org\/?p=3652\"> <span class=\"screen-reader-text\">Domingo XXIII do Tempo Comum<\/span> Read More &raquo;<\/a><\/p>\n","protected":false},"author":3,"featured_media":0,"comment_status":"open","ping_status":"open","sticky":false,"template":"","format":"standard","meta":{"footnotes":""},"categories":[1],"tags":[],"class_list":["post-3652","post","type-post","status-publish","format-standard","hentry","category-uncategorized"],"_links":{"self":[{"href":"https:\/\/coro.paroquiabaixadabanheira.org\/index.php?rest_route=\/wp\/v2\/posts\/3652","targetHints":{"allow":["GET"]}}],"collection":[{"href":"https:\/\/coro.paroquiabaixadabanheira.org\/index.php?rest_route=\/wp\/v2\/posts"}],"about":[{"href":"https:\/\/coro.paroquiabaixadabanheira.org\/index.php?rest_route=\/wp\/v2\/types\/post"}],"author":[{"embeddable":true,"href":"https:\/\/coro.paroquiabaixadabanheira.org\/index.php?rest_route=\/wp\/v2\/users\/3"}],"replies":[{"embeddable":true,"href":"https:\/\/coro.paroquiabaixadabanheira.org\/index.php?rest_route=%2Fwp%2Fv2%2Fcomments&post=3652"}],"version-history":[{"count":6,"href":"https:\/\/coro.paroquiabaixadabanheira.org\/index.php?rest_route=\/wp\/v2\/posts\/3652\/revisions"}],"predecessor-version":[{"id":3658,"href":"https:\/\/coro.paroquiabaixadabanheira.org\/index.php?rest_route=\/wp\/v2\/posts\/3652\/revisions\/3658"}],"wp:attachment":[{"href":"https:\/\/coro.paroquiabaixadabanheira.org\/index.php?rest_route=%2Fwp%2Fv2%2Fmedia&parent=3652"}],"wp:term":[{"taxonomy":"category","embeddable":true,"href":"https:\/\/coro.paroquiabaixadabanheira.org\/index.php?rest_route=%2Fwp%2Fv2%2Fcategories&post=3652"},{"taxonomy":"post_tag","embeddable":true,"href":"https:\/\/coro.paroquiabaixadabanheira.org\/index.php?rest_route=%2Fwp%2Fv2%2Ftags&post=3652"}],"curies":[{"name":"wp","href":"https:\/\/api.w.org\/{rel}","templated":true}]}}