{"id":3702,"date":"2021-11-08T22:50:45","date_gmt":"2021-11-08T22:50:45","guid":{"rendered":"http:\/\/coro.paroquiabaixadabanheira.org\/?p=3702"},"modified":"2022-09-07T22:00:35","modified_gmt":"2022-09-07T22:00:35","slug":"temas-do-ano-pastoral","status":"publish","type":"post","link":"https:\/\/coro.paroquiabaixadabanheira.org\/?p=3702","title":{"rendered":"Temas do Ano Pastoral"},"content":{"rendered":"<p>Ao longo deste ano pastoral 2021-2022 os seguintes temas marcar\u00e3o a caminhada dos grupos e da igreja:<\/p>\n<ul>\n<li><strong>Encerramento do &#8220;Ano Jubilar de S\u00e3o Jos\u00e9<\/strong> &#8211; Iniciativa assinala 150.\u00ba anivers\u00e1rio da declara\u00e7\u00e3o como padroeiro da Igreja universal, evocando em particular migrantes e trabalhadores. <a href=\"https:\/\/agencia.ecclesia.pt\/portal\/vaticano-papa-convoca-ano-dedicado-a-sao-jose\/\">(ler mais)<\/a><\/li>\n<li><strong>Ano de celebra\u00e7\u00e3o do Quinqu\u00e9nio da Exorta\u00e7\u00e3o &#8220;Amoris Laeticia&#8221;: Ano da Familia<\/strong> &#8211; Por decis\u00e3o do Papa Francisco e sob a coordena\u00e7\u00e3o do Dicast\u00e9rio para os Leigos, Fam\u00edlia e Vida, vai celebrar-se o Ano \u201cFam\u00edlia Amoris Laetitia\u201d: ter\u00e1 in\u00edcio a 19 de mar\u00e7o de 2021, quinto anivers\u00e1rio da Exorta\u00e7\u00e3o Apost\u00f3lica \u201cAmoris Laetitia\u201d, e terminar\u00e1 a 26 de junho de 2022, por ocasi\u00e3o do X Encontro Mundial das Fam\u00edlias em Roma. <a href=\"https:\/\/www.conferenciaepiscopal.pt\/v1\/ano-familia-amoris-laetitia\/\">(ler mais)<\/a><\/li>\n<li><strong>S\u00ednodo dos Bispos &#8220;Por uma igreja Sinodal:Comunh\u00e3o, Participa\u00e7\u00e3o, Miss\u00e3o&#8221;, rumo a 2023<\/strong> &#8211; Com esta convoca\u00e7\u00e3o, o Papa Francisco convida toda a Igreja a questionar-se sobre a sinodalidade, um tema decisivo para a vida e miss\u00e3o da Igreja. <a href=\"https:\/\/diocese-setubal.pt\/sinodo\/\">(ler mais)<\/a>\n<ul>\n<li>A <strong>sinodalidade<\/strong> representa o caminho pelo qual a Igreja pode ser renovada pela a\u00e7\u00e3o do Esp\u00edrito Santo, ouvindo juntos o que Deus tem a dizer ao seu povo. No entanto, este caminho percorrido juntos n\u00e3o s\u00f3 nos une mais profundamente como Povo de Deus, mas tamb\u00e9m nos envia a cumprir nossa miss\u00e3o de testemunho prof\u00e9tico que abrange toda <strong>a fam\u00edlia humana<\/strong>, junto com nossas denomina\u00e7\u00f5es crist\u00e3s e outras tradi\u00e7\u00f5es de f\u00e9.<\/li>\n<li>O princ\u00edpio sinodal de ser \u2018povo de Deus\u2019 \u00e9 ouvir o que o Par\u00e1clito dita. O Papa quer que os pastores se escutem. Mas n\u00e3o \u00e9 s\u00f3 isso: \u00e9 ouvir os irm\u00e3os crist\u00e3os, os que est\u00e3o longe, os mais fracos e os deserdados.<\/li>\n<li><strong>Ora\u00e7\u00e3o pelo S\u00ednodo dos Bispos<\/strong> <a href=\"https:\/\/diocese-setubal.pt\/wp-content\/uploads\/2021\/10\/20211016-pagela_sinodo_diocese.pdf\">(ver)<\/a><\/li>\n<\/ul>\n<\/li>\n<\/ul>\n","protected":false},"excerpt":{"rendered":"<p>Ao longo deste ano pastoral 2021-2022 os seguintes temas marcar\u00e3o a caminhada dos grupos e da igreja: Encerramento do &#8220;Ano Jubilar de S\u00e3o Jos\u00e9 &#8211; Iniciativa assinala 150.\u00ba anivers\u00e1rio da declara\u00e7\u00e3o como padroeiro da Igreja universal, evocando em particular migrantes &hellip;<\/p>\n<p class=\"read-more\"> <a class=\"more-link\" href=\"https:\/\/coro.paroquiabaixadabanheira.org\/?p=3702\"> <span class=\"screen-reader-text\">Temas do Ano Pastoral<\/span> Read More &raquo;<\/a><\/p>\n","protected":false},"author":3,"featured_media":0,"comment_status":"open","ping_status":"open","sticky":false,"template":"","format":"standard","meta":{"footnotes":""},"categories":[4],"tags":[],"class_list":["post-3702","post","type-post","status-publish","format-standard","hentry","category-noticias"],"_links":{"self":[{"href":"https:\/\/coro.paroquiabaixadabanheira.org\/index.php?rest_route=\/wp\/v2\/posts\/3702","targetHints":{"allow":["GET"]}}],"collection":[{"href":"https:\/\/coro.paroquiabaixadabanheira.org\/index.php?rest_route=\/wp\/v2\/posts"}],"about":[{"href":"https:\/\/coro.paroquiabaixadabanheira.org\/index.php?rest_route=\/wp\/v2\/types\/post"}],"author":[{"embeddable":true,"href":"https:\/\/coro.paroquiabaixadabanheira.org\/index.php?rest_route=\/wp\/v2\/users\/3"}],"replies":[{"embeddable":true,"href":"https:\/\/coro.paroquiabaixadabanheira.org\/index.php?rest_route=%2Fwp%2Fv2%2Fcomments&post=3702"}],"version-history":[{"count":3,"href":"https:\/\/coro.paroquiabaixadabanheira.org\/index.php?rest_route=\/wp\/v2\/posts\/3702\/revisions"}],"predecessor-version":[{"id":3705,"href":"https:\/\/coro.paroquiabaixadabanheira.org\/index.php?rest_route=\/wp\/v2\/posts\/3702\/revisions\/3705"}],"wp:attachment":[{"href":"https:\/\/coro.paroquiabaixadabanheira.org\/index.php?rest_route=%2Fwp%2Fv2%2Fmedia&parent=3702"}],"wp:term":[{"taxonomy":"category","embeddable":true,"href":"https:\/\/coro.paroquiabaixadabanheira.org\/index.php?rest_route=%2Fwp%2Fv2%2Fcategories&post=3702"},{"taxonomy":"post_tag","embeddable":true,"href":"https:\/\/coro.paroquiabaixadabanheira.org\/index.php?rest_route=%2Fwp%2Fv2%2Ftags&post=3702"}],"curies":[{"name":"wp","href":"https:\/\/api.w.org\/{rel}","templated":true}]}}