{"id":3706,"date":"2021-11-11T00:46:36","date_gmt":"2021-11-11T00:46:36","guid":{"rendered":"http:\/\/coro.paroquiabaixadabanheira.org\/?p=3706"},"modified":"2021-11-11T00:46:37","modified_gmt":"2021-11-11T00:46:37","slug":"domingo-xxxiii-do-tempo-comum-dia-mundial-dos-pobres-2","status":"publish","type":"post","link":"https:\/\/coro.paroquiabaixadabanheira.org\/?p=3706","title":{"rendered":"Domingo XXXIII do Tempo Comum-Dia Mundial dos Pobres"},"content":{"rendered":"<p>Mensagem do Santo Padre Francisco para o V dia Mundial dos Pobres com o titulo: \u201cSempre tereis pobres entre v\u00f3s\u201d (Mc 14,7) \u2013 <a href=\"https:\/\/www.vatican.va\/content\/francesco\/pt\/messages\/poveri\/documents\/20210613-messaggio-v-giornatamondiale-poveri-2021.html\">Ler aqui<\/a><\/p>\n<p><strong>C\u00e2nticos para o Domingo XXXIII do Tempo Comum \u2013 Ano B<\/strong>\u00a0(<a href=\"https:\/\/www.liturgia.pt\/liturgiadiaria\/dia.php?data=2021-11-14\">Liturgia<\/a>)<\/p>\n<ul>\n<li>Entrada:\u00a0<a href=\"http:\/\/coro.paroquiabaixadabanheira.org\/reportorio\/entrada\/abriu.senhor.as.portas.pdf\">Abriu o Senhor as portas<\/a> ou <a href=\"http:\/\/coro.paroquiabaixadabanheira.org\/reportorio\/entrada\/eu.venho.senhor.pdf\">Eu venho Senhor<\/a><\/li>\n<li>Acto Penitencial:\u00a0<a href=\"http:\/\/coro.paroquiabaixadabanheira.org\/reportorio\/penitencial\/kyrie.eleison.marco.frisina.pdf\">Kyrie Eleison (Marco Frisina)<\/a><\/li>\n<li>Salmo: 15<em>(16) <a href=\"https:\/\/www.liturgia.pt\/multimedia\/mp3\/SalmosResponsoriais\/115_TC_B_33Dom-Defendei-meSenhor.mp3\">\u201dDefendei-me, Senhor: V\u00f3s sois o meu ref\u00fagio\u201d<\/a><\/em><\/li>\n<li>Aclama\u00e7\u00e3o ao Evangelho:\u00a0<a href=\"http:\/\/coro.paroquiabaixadabanheira.org\/reportorio\/aclama\/aleluia.carlos.silva2.pdf\">Aleluia (Carlos Silva 2)<\/a>\u00a0<strong>\u201cVigiai e orai em todo o tempo,<br \/>para poderdes comparecer diante do filho do homem.\u201d<\/strong><\/li>\n<li>Apresenta\u00e7\u00e3o dos Dons: <a href=\"http:\/\/coro.paroquiabaixadabanheira.org\/reportorio\/comunhao\/felizes.os.convidados.pdf\">Felizes os convidados<\/a><\/li>\n<li>Santo:\u00a0<a href=\"http:\/\/coro.paroquiabaixadabanheira.org\/reportorio\/santo\/santo.leonel.claro.pdf\">Santo (L. Claro)<\/a><\/li>\n<li>Fra\u00e7\u00e3o do P\u00e3o:\u00a0<a href=\"http:\/\/coro.paroquiabaixadabanheira.org\/reportorio\/cordeiro\/cordeiro.aragues.pdf\">Cordeiro (Aragues)<\/a>\u00a0ou\u00a0<a href=\"http:\/\/coro.paroquiabaixadabanheira.org\/reportorio\/cordeiro\/cordeiro.de.deus.fernande.silva.pdf\">Cordeiro (Fernandes Silva)<\/a><\/li>\n<li>Comunh\u00e3o: <a href=\"http:\/\/coro.paroquiabaixadabanheira.org\/reportorio\/entrada\/vinde.benditos.de.meu.pai.pdf\">Vinde benditos de meu Pai<\/a>\u00a0<\/li>\n<li>Ac\u00e7\u00e3o de Gra\u00e7as: <a href=\"http:\/\/coro.paroquiabaixadabanheira.org\/reportorio\/gracas\/senhor.trazeinos.a.paz.pdf\">Senhor trazei-nos a paz<\/a><\/li>\n<li>Final: <a href=\"http:\/\/coro.paroquiabaixadabanheira.org\/reportorio\/final\/exulta.de.alegria.pdf\">Exulta de alegria no Senhor<\/a><\/li>\n<\/ul>\n<p>Trazer<\/p>\n<ul>\n<li><a href=\"http:\/\/coro.paroquiabaixadabanheira.org\/reportorio\/ofertorio\/vamos.confiantes.pdf\">Vamos confiantes ao trono<\/a><\/li>\n<li><a href=\"http:\/\/coro.paroquiabaixadabanheira.org\/reportorio\/entrada\/cordeiro.que.foi.imolado.pdf\">O cordeiro que foi imolado (Gl\u00f3ria ao Senhor)<\/a><\/li>\n<li><a href=\"http:\/\/coro.paroquiabaixadabanheira.org\/reportorio\/ofertorio\/jesus.rei.admiravel.pdf\">Jesus, Rei Admir\u00e1vel<\/a><\/li>\n<\/ul>\n\n\n<p><\/p>\n","protected":false},"excerpt":{"rendered":"<p>Mensagem do Santo Padre Francisco para o V dia Mundial dos Pobres com o titulo: \u201cSempre tereis pobres entre v\u00f3s\u201d (Mc 14,7) \u2013 Ler aqui C\u00e2nticos para o Domingo XXXIII do Tempo Comum \u2013 Ano B\u00a0(Liturgia) Entrada:\u00a0Abriu o Senhor as &hellip;<\/p>\n<p class=\"read-more\"> <a class=\"more-link\" href=\"https:\/\/coro.paroquiabaixadabanheira.org\/?p=3706\"> <span class=\"screen-reader-text\">Domingo XXXIII do Tempo Comum-Dia Mundial dos Pobres<\/span> Read More &raquo;<\/a><\/p>\n","protected":false},"author":3,"featured_media":0,"comment_status":"open","ping_status":"open","sticky":false,"template":"","format":"standard","meta":{"footnotes":""},"categories":[1],"tags":[],"class_list":["post-3706","post","type-post","status-publish","format-standard","hentry","category-uncategorized"],"_links":{"self":[{"href":"https:\/\/coro.paroquiabaixadabanheira.org\/index.php?rest_route=\/wp\/v2\/posts\/3706","targetHints":{"allow":["GET"]}}],"collection":[{"href":"https:\/\/coro.paroquiabaixadabanheira.org\/index.php?rest_route=\/wp\/v2\/posts"}],"about":[{"href":"https:\/\/coro.paroquiabaixadabanheira.org\/index.php?rest_route=\/wp\/v2\/types\/post"}],"author":[{"embeddable":true,"href":"https:\/\/coro.paroquiabaixadabanheira.org\/index.php?rest_route=\/wp\/v2\/users\/3"}],"replies":[{"embeddable":true,"href":"https:\/\/coro.paroquiabaixadabanheira.org\/index.php?rest_route=%2Fwp%2Fv2%2Fcomments&post=3706"}],"version-history":[{"count":2,"href":"https:\/\/coro.paroquiabaixadabanheira.org\/index.php?rest_route=\/wp\/v2\/posts\/3706\/revisions"}],"predecessor-version":[{"id":3708,"href":"https:\/\/coro.paroquiabaixadabanheira.org\/index.php?rest_route=\/wp\/v2\/posts\/3706\/revisions\/3708"}],"wp:attachment":[{"href":"https:\/\/coro.paroquiabaixadabanheira.org\/index.php?rest_route=%2Fwp%2Fv2%2Fmedia&parent=3706"}],"wp:term":[{"taxonomy":"category","embeddable":true,"href":"https:\/\/coro.paroquiabaixadabanheira.org\/index.php?rest_route=%2Fwp%2Fv2%2Fcategories&post=3706"},{"taxonomy":"post_tag","embeddable":true,"href":"https:\/\/coro.paroquiabaixadabanheira.org\/index.php?rest_route=%2Fwp%2Fv2%2Ftags&post=3706"}],"curies":[{"name":"wp","href":"https:\/\/api.w.org\/{rel}","templated":true}]}}