{"id":3715,"date":"2021-11-24T23:45:36","date_gmt":"2021-11-24T23:45:36","guid":{"rendered":"http:\/\/coro.paroquiabaixadabanheira.org\/?p=3715"},"modified":"2021-11-24T23:45:37","modified_gmt":"2021-11-24T23:45:37","slug":"ensaio-para-o-advento","status":"publish","type":"post","link":"https:\/\/coro.paroquiabaixadabanheira.org\/?p=3715","title":{"rendered":"Ensaio para o Advento"},"content":{"rendered":"<p><b>Inicio do novo Ano Lit\u00fargico &#8211; Ano C no qual predomina o Evangelho de S. Lucas e tamb\u00e9m inicia o novo tempo &#8211; Advento<\/b><\/p>\n<p>Este fim de semana n\u00e3o vamos animar a Eucaristia Dominical, devido ao anivers\u00e1rio dos Escuteiros.<\/p>\n<p>Contudo, <strong>temos o nosso ensaio semana<\/strong>l. Vamos aprender musicas novas para o Advento bem como recordar algumas musicas para cantar neste tempo do Advento que vamos iniciar no pr\u00f3ximo domingo.<\/p>\n<p><strong>Musicas Novas<\/strong><\/p>\n<ul>\n<li><a href=\"http:\/\/coro.paroquiabaixadabanheira.org\/reportorio\/advento\/aleluia.advento.bruno.ferreira.pdf\">Aleluia (Advento)<\/a><\/li>\n<li><a href=\"http:\/\/coro.paroquiabaixadabanheira.org\/reportorio\/advento\/maria.fonte.de.esperanca.pdf\">Maria fonte da esperan\u00e7a<\/a><\/li>\n<\/ul>\n<p><strong>Musicas j\u00e1 existentes<\/strong><\/p>\n<ul>\n<li><a href=\"http:\/\/coro.paroquiabaixadabanheira.org\/reportorio\/maria\/exulto.de.alegria.no.senhor.pdf\">Exulto de Alegria no Senhor<\/a><\/li>\n<li><a href=\"http:\/\/coro.paroquiabaixadabanheira.org\/reportorio\/advento\/e.celebrada.a.vossa.gloria.pdf\">\u00c9 celebrada a vossa gl\u00f3ria<\/a><\/li>\n<li><a href=\"http:\/\/coro.paroquiabaixadabanheira.org\/reportorio\/advento\/ave.senhora.do.advento.pdf\">Av\u00e9, Senhora do Advento<\/a><\/li>\n<li><a href=\"http:\/\/coro.paroquiabaixadabanheira.org\/reportorio\/advento\/a.virgem.concebera.pdf\">A Virgem Conceber\u00e1<\/a><\/li>\n<li><a href=\"http:\/\/coro.paroquiabaixadabanheira.org\/reportorio\/advento\/descei.sr.jesus.pdf\">Descei, Senhor Jesus (Excelso Criador)<\/a><\/li>\n<li><a href=\"http:\/\/coro.paroquiabaixadabanheira.org\/reportorio\/advento\/preparai.os.caminhos.pdf\">Preparai os caminhos do Senhor<\/a><\/li>\n<li><a href=\"http:\/\/coro.paroquiabaixadabanheira.org\/reportorio\/advento\/o.nuvens.chovei.do.alto.pdf\">\u00d3 nuvens, chovei do alto<\/a><\/li>\n<li><a href=\"http:\/\/coro.paroquiabaixadabanheira.org\/reportorio\/cordeiro\/cordeiro.de.deus.fernande.silva.pdf\">Cordeiro (Fernandes Silva)<\/a><\/li>\n<\/ul>\n","protected":false},"excerpt":{"rendered":"<p>Inicio do novo Ano Lit\u00fargico &#8211; Ano C no qual predomina o Evangelho de S. Lucas e tamb\u00e9m inicia o novo tempo &#8211; Advento Este fim de semana n\u00e3o vamos animar a Eucaristia Dominical, devido ao anivers\u00e1rio dos Escuteiros. Contudo, &hellip;<\/p>\n<p class=\"read-more\"> <a class=\"more-link\" href=\"https:\/\/coro.paroquiabaixadabanheira.org\/?p=3715\"> <span class=\"screen-reader-text\">Ensaio para o Advento<\/span> Read More &raquo;<\/a><\/p>\n","protected":false},"author":3,"featured_media":0,"comment_status":"open","ping_status":"open","sticky":false,"template":"","format":"standard","meta":{"footnotes":""},"categories":[1],"tags":[],"class_list":["post-3715","post","type-post","status-publish","format-standard","hentry","category-uncategorized"],"_links":{"self":[{"href":"https:\/\/coro.paroquiabaixadabanheira.org\/index.php?rest_route=\/wp\/v2\/posts\/3715","targetHints":{"allow":["GET"]}}],"collection":[{"href":"https:\/\/coro.paroquiabaixadabanheira.org\/index.php?rest_route=\/wp\/v2\/posts"}],"about":[{"href":"https:\/\/coro.paroquiabaixadabanheira.org\/index.php?rest_route=\/wp\/v2\/types\/post"}],"author":[{"embeddable":true,"href":"https:\/\/coro.paroquiabaixadabanheira.org\/index.php?rest_route=\/wp\/v2\/users\/3"}],"replies":[{"embeddable":true,"href":"https:\/\/coro.paroquiabaixadabanheira.org\/index.php?rest_route=%2Fwp%2Fv2%2Fcomments&post=3715"}],"version-history":[{"count":2,"href":"https:\/\/coro.paroquiabaixadabanheira.org\/index.php?rest_route=\/wp\/v2\/posts\/3715\/revisions"}],"predecessor-version":[{"id":3717,"href":"https:\/\/coro.paroquiabaixadabanheira.org\/index.php?rest_route=\/wp\/v2\/posts\/3715\/revisions\/3717"}],"wp:attachment":[{"href":"https:\/\/coro.paroquiabaixadabanheira.org\/index.php?rest_route=%2Fwp%2Fv2%2Fmedia&parent=3715"}],"wp:term":[{"taxonomy":"category","embeddable":true,"href":"https:\/\/coro.paroquiabaixadabanheira.org\/index.php?rest_route=%2Fwp%2Fv2%2Fcategories&post=3715"},{"taxonomy":"post_tag","embeddable":true,"href":"https:\/\/coro.paroquiabaixadabanheira.org\/index.php?rest_route=%2Fwp%2Fv2%2Ftags&post=3715"}],"curies":[{"name":"wp","href":"https:\/\/api.w.org\/{rel}","templated":true}]}}