{"id":3719,"date":"2021-12-01T23:02:53","date_gmt":"2021-12-01T23:02:53","guid":{"rendered":"http:\/\/coro.paroquiabaixadabanheira.org\/?p=3719"},"modified":"2021-12-01T23:02:55","modified_gmt":"2021-12-01T23:02:55","slug":"domingo-ii-do-advento-9","status":"publish","type":"post","link":"https:\/\/coro.paroquiabaixadabanheira.org\/?p=3719","title":{"rendered":"Domingo II do Advento"},"content":{"rendered":"<p>&#8220;O minist\u00e9rio dos m\u00fasicos pode ser comparado ao das \u00e1rvores arom\u00e1ticas da profecia de Baruc. Por ordem de Deus, elas d\u00e3o sombra a Israel para serem conduzidas na alegria \u00e0 luz da gl\u00f3ria de Deus. Os m\u00fasicos tamb\u00e9m devem derramar o aroma das melodias e das harmonias sobre a assembleia que eles tamb\u00e9m integram. A beleza torna-se assim um b\u00e1lsamo e uma sombra para aqueles que caminham para a luz.&#8221; <em>In Arquidiocese de Braga<\/em><\/p>\n<p><strong>C\u00e2nticos para o II Domingo do Advento \u2013 Ano C <\/strong>\u00a0(<a href=\"https:\/\/www.liturgia.pt\/liturgiadiaria\/dia.php?data=2021-12-5\">Liturgia<\/a>)<\/p>\n<ul>\n<li>Entrada:\u00a0<a href=\"http:\/\/coro.paroquiabaixadabanheira.org\/reportorio\/advento\/vinde.vinde.jesus.pdf\">Vinde! Vinde, jesus!<\/a><\/li>\n<li>Acto Penitencial:\u00a0<a href=\"http:\/\/coro.paroquiabaixadabanheira.org\/reportorio\/penitencial\/kyrie.10.pdf\">kyrie 10<\/a><\/li>\n<li>Coroa do Advento:\u00a0<a href=\"http:\/\/coro.paroquiabaixadabanheira.org\/reportorio\/advento\/o.luz.de.deus.pdf\">O luz de Deus<\/a><\/li>\n<li>Coroa do Advento:\u00a0<a href=\"http:\/\/coro.paroquiabaixadabanheira.org\/reportorio\/advento\/ser.irmao.pdf\">Ser irm\u00e3o<\/a><\/li>\n<li>Salmo 125(126) <a href=\"https:\/\/www.liturgia.pt\/multimedia\/mp3\/SalmosResponsoriais\/121_Adv02CIIDom-OSenhorFezMaravilhas.mp3\"><em>\u201d O Senhor fez maravilhas em favor do seu povo.\u201d<\/em><\/a><\/li>\n<li>Aclama\u00e7\u00e3o ao Evangelho:\u00a0<a href=\"http:\/\/coro.paroquiabaixadabanheira.org\/reportorio\/advento\/aleluia.advento.bruno.ferreira.pdf\">Aleluia (Advento)<\/a><\/li>\n<li>Apresenta\u00e7\u00e3o dos Dons: <a href=\"http:\/\/coro.paroquiabaixadabanheira.org\/reportorio\/advento\/uma.voz.clama.no.deserto.pdf\">Uma\u00a0voz clama no deserto<\/a><\/li>\n<li>Santo: <a href=\"http:\/\/coro.paroquiabaixadabanheira.org\/reportorio\/santo\/santo.f.silva.pdf\">Santo (F. Silva)<\/a><\/li>\n<li>Fra\u00e7\u00e3o do P\u00e3o: <a href=\"http:\/\/coro.paroquiabaixadabanheira.org\/reportorio\/cordeiro\/cordeiro.olindo.marques.pdf\">Cordeiro\u00a0(Olindo Marques)<\/a> ou <a href=\"http:\/\/coro.paroquiabaixadabanheira.org\/reportorio\/cordeiro\/cordeiro.de.deus.fernande.silva.pdf\">Cordeiro (Fernandes Silva)<\/a><\/li>\n<li>Comunh\u00e3o:\u00a0<a href=\"http:\/\/coro.paroquiabaixadabanheira.org\/reportorio\/advento\/preparai.os.caminhos.pdf\">Preparai os caminhos do Senhor<\/a><\/li>\n<li>Ac\u00e7\u00e3o de Gra\u00e7as:\u00a0<a href=\"http:\/\/coro.paroquiabaixadabanheira.org\/reportorio\/advento\/maria.fonte.de.esperanca.pdf\">Maria fonte da esperan\u00e7a<\/a> ou <a href=\"http:\/\/coro.paroquiabaixadabanheira.org\/reportorio\/advento\/ave.senhora.do.advento.pdf\">Av\u00e9, Senhora do Advento<\/a><\/li>\n<li>Final:\u00a0<a href=\"http:\/\/coro.paroquiabaixadabanheira.org\/reportorio\/advento\/no.fim.dos.tempos.pdf\">No fim dos tempos<\/a><\/li>\n<\/ul>\n<p>Trazer:<\/p>\n<ul>\n<li style=\"list-style-type: none;\">\n<ul>\n<li><a href=\"http:\/\/coro.paroquiabaixadabanheira.org\/reportorio\/maria\/exulto.de.alegria.no.senhor.pdf\">Exulto de Alegria no Senhor<\/a><\/li>\n<\/ul>\n<\/li>\n<\/ul>\n","protected":false},"excerpt":{"rendered":"<p>&#8220;O minist\u00e9rio dos m\u00fasicos pode ser comparado ao das \u00e1rvores arom\u00e1ticas da profecia de Baruc. Por ordem de Deus, elas d\u00e3o sombra a Israel para serem conduzidas na alegria \u00e0 luz da gl\u00f3ria de Deus. Os m\u00fasicos tamb\u00e9m devem derramar &hellip;<\/p>\n<p class=\"read-more\"> <a class=\"more-link\" href=\"https:\/\/coro.paroquiabaixadabanheira.org\/?p=3719\"> <span class=\"screen-reader-text\">Domingo II do Advento<\/span> Read More &raquo;<\/a><\/p>\n","protected":false},"author":3,"featured_media":0,"comment_status":"open","ping_status":"open","sticky":false,"template":"","format":"standard","meta":{"footnotes":""},"categories":[1],"tags":[],"class_list":["post-3719","post","type-post","status-publish","format-standard","hentry","category-uncategorized"],"_links":{"self":[{"href":"https:\/\/coro.paroquiabaixadabanheira.org\/index.php?rest_route=\/wp\/v2\/posts\/3719","targetHints":{"allow":["GET"]}}],"collection":[{"href":"https:\/\/coro.paroquiabaixadabanheira.org\/index.php?rest_route=\/wp\/v2\/posts"}],"about":[{"href":"https:\/\/coro.paroquiabaixadabanheira.org\/index.php?rest_route=\/wp\/v2\/types\/post"}],"author":[{"embeddable":true,"href":"https:\/\/coro.paroquiabaixadabanheira.org\/index.php?rest_route=\/wp\/v2\/users\/3"}],"replies":[{"embeddable":true,"href":"https:\/\/coro.paroquiabaixadabanheira.org\/index.php?rest_route=%2Fwp%2Fv2%2Fcomments&post=3719"}],"version-history":[{"count":2,"href":"https:\/\/coro.paroquiabaixadabanheira.org\/index.php?rest_route=\/wp\/v2\/posts\/3719\/revisions"}],"predecessor-version":[{"id":3721,"href":"https:\/\/coro.paroquiabaixadabanheira.org\/index.php?rest_route=\/wp\/v2\/posts\/3719\/revisions\/3721"}],"wp:attachment":[{"href":"https:\/\/coro.paroquiabaixadabanheira.org\/index.php?rest_route=%2Fwp%2Fv2%2Fmedia&parent=3719"}],"wp:term":[{"taxonomy":"category","embeddable":true,"href":"https:\/\/coro.paroquiabaixadabanheira.org\/index.php?rest_route=%2Fwp%2Fv2%2Fcategories&post=3719"},{"taxonomy":"post_tag","embeddable":true,"href":"https:\/\/coro.paroquiabaixadabanheira.org\/index.php?rest_route=%2Fwp%2Fv2%2Ftags&post=3719"}],"curies":[{"name":"wp","href":"https:\/\/api.w.org\/{rel}","templated":true}]}}