{"id":3722,"date":"2021-12-05T22:31:44","date_gmt":"2021-12-05T22:31:44","guid":{"rendered":"http:\/\/coro.paroquiabaixadabanheira.org\/?p=3722"},"modified":"2021-12-05T22:31:45","modified_gmt":"2021-12-05T22:31:45","slug":"solenidade-imaculada-conceicao-da-virgem-santa-maria-7","status":"publish","type":"post","link":"https:\/\/coro.paroquiabaixadabanheira.org\/?p=3722","title":{"rendered":"Solenidade Imaculada Concei\u00e7\u00e3o da Virgem Santa Maria"},"content":{"rendered":"<h4>Nota Hist\u00f3rica<\/h4>\n<p>&#8220;Mais do que qualquer outro tempo do Ano Lit\u00fargico, o Advento \u00e9 tempo de Maria, pois \u00e9 nele que A vemos em mais \u00edntima rela\u00e7\u00e3o com o Seu filho, ao Qual est\u00e1 unida \u00abpor v\u00ednculo estreito e indissol\u00favel\u00bb (LG. 53).<br \/>\nSe o Senhor veio ao meio dos homens, se Ele vem ainda, \u00e9 por meio de Maria. N\u2019Ela se cumpre, na verdade, o mist\u00e9rio do Advento.<br \/>\nEmbora, na sua origem e no seu princ\u00edpio, a Solenidade da Imaculada Concei\u00e7\u00e3o, que vem do s\u00e9culo XI, n\u00e3o nos apare\u00e7a em liga\u00e7\u00e3o com o Advento, contudo ela \u00e9 uma verdadeira festa do Advento. Ela \u00e9 a aurora que precede, anuncia e traz em si o Dia novo, que est\u00e1 para surgir no Natal.<br \/>\nEnaltecendo a Virgem Maria, esta Solenidade, em vez de nos desviar do Mist\u00e9rio de Cristo, leva-nos, pelo contr\u00e1rio, a exaltar a obra da Reden\u00e7\u00e3o, ao apresentar-nos Aquela que foi a primeira a beneficiar dos seus frutos, tornando-se a imagem e o modelo segundo o qual Deus quer refazer o rosto da Humanidade, desfigurado pelo pecado.<br \/>\nAssim como na aurora se projecta a luz do sol, de cujos raios ela tira a vida, assim em Maria Imaculada se reflecte o poder do Salvador que est\u00e1 para vir: a Seus m\u00e9ritos Ela deve, com efeito, o ter sido \u00abremida de modo mais sublime\u00bb (LG. 53).<br \/>\nFesta de Advento, a Solenidade da Imaculada Concei\u00e7\u00e3o constitui uma bela prepara\u00e7\u00e3o para o Natal.&#8221; <em>in Secretariado Nacional da Liturgia<\/em><\/p>\n<p><strong>C\u00e2nticos para a Solenidade da Imaculada Concei\u00e7\u00e3o \u2013 Ano C<\/strong><strong>\u00a0<\/strong>(<a href=\"https:\/\/www.liturgia.pt\/santos\/santo_v.php?cod_santo=210\">Liturgia<\/a>)<\/p>\n<p>O ensaio ser\u00e1 3\u00ba feira, dia 7 de Dezembro pelas 21h.<\/p>\n<ul>\n<li>Entrada:\u00a0<a href=\"http:\/\/coro.paroquiabaixadabanheira.org\/reportorio\/maria\/exulto.de.alegria.no.senhor.pdf\">Exulto de Alegria no Senhor<\/a><\/li>\n<li>Acto Penitencial:\u00a0<a href=\"http:\/\/coro.paroquiabaixadabanheira.org\/reportorio\/penitencial\/kyrie.10.pdf\">kyrie 10<\/a><\/li>\n<li>Gl\u00f3ria:\u00a0<a href=\"http:\/\/coro.paroquiabaixadabanheira.org\/reportorio\/gloria\/gloria.2.vozes.pdf\">Gloria 2 Vozes<\/a><\/li>\n<li>Salmo\u00a097(98)\u00a0<a href=\"https:\/\/www.liturgia.pt\/multimedia\/mp3\/SalmosResponsoriais\/215_St_Imaculada_Cantai_um_cantico_novo.mp3\"><em>\u201dCantai ao Senhor um c\u00e2ntico novo! O\u00a0Senhor fez maravilhas.\u00a0<\/em><\/a>\u201c<\/li>\n<li>Aclama\u00e7\u00e3o ao Evangelho:\u00a0<a href=\"http:\/\/coro.paroquiabaixadabanheira.org\/reportorio\/maria\/aleluia.imaculada.conceicao.pdf\">Aleluia Imaculada Concei\u00e7\u00e3o<\/a><\/li>\n<li>Ladainhas: <a href=\"http:\/\/coro.paroquiabaixadabanheira.org\/reportorio\/pascoa\/ladainhas.a.ferreira.santos.curta.pdf\">Ladainhas dos santos \u2013 Novo<\/a><a href=\"http:\/\/coro.paroquiabaixadabanheira.org\/reportorio\/maria\/ladainha.da.virgem.maria.pdf\">\u00a0 \u00a0 \u00a0 letra(Virgem Maria)<\/a><\/li>\n<li>Ora\u00e7\u00e3o dos Fi\u00e9is:\u00a0<a href=\"http:\/\/coro.paroquiabaixadabanheira.org\/reportorio\/aclamacao\/oracao.universal.pdf\">Respostas<\/a>\u00a0(numero 28)<\/li>\n<li>Apresenta\u00e7\u00e3o dos Dons:\u00a0<a href=\"http:\/\/coro.paroquiabaixadabanheira.org\/reportorio\/maria\/nossa.senhora.do.sim.pdf\">Nossa Senhora do Sim<\/a><\/li>\n<li>Santo: <a href=\"http:\/\/coro.paroquiabaixadabanheira.org\/reportorio\/santo\/santo.f.silva.pdf\">Santo (F. Silva)<\/a><\/li>\n<li>Pai Nosso:\u00a0<a href=\"http:\/\/coro.paroquiabaixadabanheira.org\/reportorio\/painosso\/pai.nosso.pdf\">Pai Nosso (Rocha Monteiro)<\/a><\/li>\n<li>Fra\u00e7\u00e3o do P\u00e3o: <a href=\"http:\/\/coro.paroquiabaixadabanheira.org\/reportorio\/cordeiro\/cordeiro.olindo.marques.pdf\">Cordeiro\u00a0(Olindo Marques)<\/a>\u00a0ou\u00a0<a href=\"http:\/\/coro.paroquiabaixadabanheira.org\/reportorio\/cordeiro\/cordeiro.de.deus.fernande.silva.pdf\">Cordeiro (Fernandes Silva)<\/a><\/li>\n<li>Comunh\u00e3o: \u00a0<a href=\"http:\/\/coro.paroquiabaixadabanheira.org\/reportorio\/advento\/e.celebrada.a.vossa.gloria.pdf\">\u00c9 celebrada a vossa gl\u00f3ria<\/a><\/li>\n<li>Ac\u00e7\u00e3o de Gra\u00e7as: <a href=\"http:\/\/coro.paroquiabaixadabanheira.org\/reportorio\/advento\/magnificat.terreiro.pdf\">Magnificat (Bernardo Terreiro)<\/a><\/li>\n<li>Final:\u00a0<a href=\"http:\/\/coro.paroquiabaixadabanheira.org\/reportorio\/advento\/ave.maria.cheia.de.graca.cartageno.pdf\">Av\u00e9 Maria, Cheia de Gra\u00e7a<\/a><\/li>\n<li>Final: <a href=\"http:\/\/coro.paroquiabaixadabanheira.org\/reportorio\/advento\/maria.fonte.de.esperanca.pdf\">Maria fonte da esperan\u00e7a<\/a><\/li>\n<\/ul>\n<p>Trazer:<\/p>\n<ul>\n<li><a href=\"http:\/\/coro.paroquiabaixadabanheira.org\/reportorio\/advento\/ave.senhora.do.advento.pdf\">Av\u00e9, Senhora do Advento<\/a><\/li>\n<li><a href=\"http:\/\/coro.paroquiabaixadabanheira.org\/reportorio\/maria\/tu.es.a.gloria.de.jerusalem.pdf\">Tu \u00e9s a gloria de Jerusal\u00e9m<\/a><\/li>\n<li><a href=\"http:\/\/coro.paroquiabaixadabanheira.org\/reportorio\/advento\/maria.fonte.de.esperanca.pdf\">Maria fonte da esperan\u00e7a<\/a><\/li>\n<li><a href=\"http:\/\/coro.paroquiabaixadabanheira.org\/reportorio\/maria\/bendita.seja.virgem.maria.pdf\">Bendita Seja Virgem Maria<\/a><\/li>\n<li><a href=\"http:\/\/coro.paroquiabaixadabanheira.org\/reportorio\/maria\/a.virgem.cheia.de.graca.pdf\">\u00c0\u00a0Virgem cheia de gra\u00e7a<\/a><\/li>\n<\/ul>\n","protected":false},"excerpt":{"rendered":"<p>Nota Hist\u00f3rica &#8220;Mais do que qualquer outro tempo do Ano Lit\u00fargico, o Advento \u00e9 tempo de Maria, pois \u00e9 nele que A vemos em mais \u00edntima rela\u00e7\u00e3o com o Seu filho, ao Qual est\u00e1 unida \u00abpor v\u00ednculo estreito e indissol\u00favel\u00bb &hellip;<\/p>\n<p class=\"read-more\"> <a class=\"more-link\" href=\"https:\/\/coro.paroquiabaixadabanheira.org\/?p=3722\"> <span class=\"screen-reader-text\">Solenidade Imaculada Concei\u00e7\u00e3o da Virgem Santa Maria<\/span> Read More &raquo;<\/a><\/p>\n","protected":false},"author":3,"featured_media":0,"comment_status":"open","ping_status":"open","sticky":false,"template":"","format":"standard","meta":{"footnotes":""},"categories":[1],"tags":[],"class_list":["post-3722","post","type-post","status-publish","format-standard","hentry","category-uncategorized"],"_links":{"self":[{"href":"https:\/\/coro.paroquiabaixadabanheira.org\/index.php?rest_route=\/wp\/v2\/posts\/3722","targetHints":{"allow":["GET"]}}],"collection":[{"href":"https:\/\/coro.paroquiabaixadabanheira.org\/index.php?rest_route=\/wp\/v2\/posts"}],"about":[{"href":"https:\/\/coro.paroquiabaixadabanheira.org\/index.php?rest_route=\/wp\/v2\/types\/post"}],"author":[{"embeddable":true,"href":"https:\/\/coro.paroquiabaixadabanheira.org\/index.php?rest_route=\/wp\/v2\/users\/3"}],"replies":[{"embeddable":true,"href":"https:\/\/coro.paroquiabaixadabanheira.org\/index.php?rest_route=%2Fwp%2Fv2%2Fcomments&post=3722"}],"version-history":[{"count":3,"href":"https:\/\/coro.paroquiabaixadabanheira.org\/index.php?rest_route=\/wp\/v2\/posts\/3722\/revisions"}],"predecessor-version":[{"id":3725,"href":"https:\/\/coro.paroquiabaixadabanheira.org\/index.php?rest_route=\/wp\/v2\/posts\/3722\/revisions\/3725"}],"wp:attachment":[{"href":"https:\/\/coro.paroquiabaixadabanheira.org\/index.php?rest_route=%2Fwp%2Fv2%2Fmedia&parent=3722"}],"wp:term":[{"taxonomy":"category","embeddable":true,"href":"https:\/\/coro.paroquiabaixadabanheira.org\/index.php?rest_route=%2Fwp%2Fv2%2Fcategories&post=3722"},{"taxonomy":"post_tag","embeddable":true,"href":"https:\/\/coro.paroquiabaixadabanheira.org\/index.php?rest_route=%2Fwp%2Fv2%2Ftags&post=3722"}],"curies":[{"name":"wp","href":"https:\/\/api.w.org\/{rel}","templated":true}]}}