{"id":3728,"date":"2021-12-08T19:51:25","date_gmt":"2021-12-08T19:51:25","guid":{"rendered":"http:\/\/coro.paroquiabaixadabanheira.org\/?p=3728"},"modified":"2021-12-08T19:51:27","modified_gmt":"2021-12-08T19:51:27","slug":"domingo-iii-do-advento-13","status":"publish","type":"post","link":"https:\/\/coro.paroquiabaixadabanheira.org\/?p=3728","title":{"rendered":"Domingo III do Advento"},"content":{"rendered":"<p><strong>DOMINGO GAUDETE<\/strong><\/p>\n<p>\u00ab\u00c9 assim denominado o III Domingo do Advento.<br \/>\nA raz\u00e3o \u00e9 que gaudete! (alegrai-vos!), \u00e9 a primeira palavra, h\u00e1 muitos s\u00e9culos, do c\u00e2ntico de entrada deste domingo: \u00abGaudete in Domino semper!\u00bb (\u00abAlegrai-vos sempre no Senhor!\u00bb), convite tomado de Fl 4,4-5, que d\u00e1 a este domingo \u2013 justamente a meio do caminho de Advento \u2013 um tom de alegria e esperan\u00e7a, porque j\u00e1 est\u00e1 pr\u00f3ximo o Senhor.<br \/>\nEste domingo tem um paralelo com o IV da Quaresma, o Domingo L\u00e6tare. Os paramentos dos ministros, neste dia, podem ser cor-de-rosa e pode-se dar um maior relevo aos adornos e \u00e0 m\u00fasica, apesar de se estar a meio de um tempo caracterizado pelo uso moderado destes elementos.\u00bb (in Jos\u00e9 Aldaz\u00e1bal,\u00a0<i>Dicion\u00e1rio Elementar de Liturgia<\/i>)<\/p>\n<p><strong>C\u00e2nticos para o III Domingo do Advento \u2013 Ano C <\/strong>\u00a0(<a href=\"https:\/\/www.liturgia.pt\/liturgiadiaria\/dia.php?data=2021-12-12\">Liturgia<\/a>)<\/p>\n<ul>\n<li>Entrada:\u00a0<a href=\"http:\/\/coro.paroquiabaixadabanheira.org\/reportorio\/advento\/alegraivos.sempre.pdf\">Alegrai-vos Sempre<\/a><\/li>\n<li>Acto Penitencial:\u00a0<a href=\"http:\/\/coro.paroquiabaixadabanheira.org\/reportorio\/penitencial\/kyrie.10.pdf\">kyrie 10<\/a><\/li>\n<li>Coroa do Advento:\u00a0<a href=\"http:\/\/coro.paroquiabaixadabanheira.org\/reportorio\/advento\/o.luz.de.deus.pdf\">O luz de Deus<\/a><\/li>\n<li>Coroa do Advento:\u00a0<a href=\"http:\/\/coro.paroquiabaixadabanheira.org\/reportorio\/advento\/ser.irmao.pdf\">Ser irm\u00e3o<\/a><\/li>\n<li>Salmo Is 12 <a href=\"https:\/\/www.liturgia.pt\/multimedia\/mp3\/SalmosResponsoriais\/122_Adv03CIIIDom-PovoDoSenhor.mp3\"><em>\u201d Povo do Senhor, exulta e canta de alegria.\u201d<\/em><\/a><\/li>\n<li>Aclama\u00e7\u00e3o ao Evangelho: <a href=\"http:\/\/coro.paroquiabaixadabanheira.org\/reportorio\/advento\/aleluia.advento.bruno.ferreira.pdf\">Aleluia (Advento)<\/a><\/li>\n<li>Apresenta\u00e7\u00e3o dos Dons:\u00a0<a href=\"http:\/\/coro.paroquiabaixadabanheira.org\/reportorio\/advento\/descei.sr.jesus.pdf\">Descei, Senhor Jesus (Excelso Criador)<\/a><\/li>\n<li>Santo: <a href=\"http:\/\/coro.paroquiabaixadabanheira.org\/reportorio\/santo\/santo.f.silva.pdf\">Santo (F. Silva)<\/a><\/li>\n<li>Fra\u00e7\u00e3o do P\u00e3o: <a href=\"http:\/\/coro.paroquiabaixadabanheira.org\/reportorio\/cordeiro\/cordeiro.olindo.marques.pdf\">Cordeiro\u00a0(Olindo Marques)<\/a>\u00a0ou\u00a0<a href=\"http:\/\/coro.paroquiabaixadabanheira.org\/reportorio\/cordeiro\/cordeiro.de.deus.fernande.silva.pdf\">Cordeiro (Fernandes Silva)<\/a><\/li>\n<li>Comunh\u00e3o:\u00a0<a href=\"http:\/\/coro.paroquiabaixadabanheira.org\/reportorio\/advento\/dizei.aos.desanimados.pdf\">Dizei aos Desanimados<\/a><\/li>\n<li>Ac\u00e7\u00e3o de Gra\u00e7as: <a href=\"http:\/\/coro.paroquiabaixadabanheira.org\/reportorio\/advento\/maria.fonte.de.esperanca.pdf\">Maria fonte da esperan\u00e7a<\/a><\/li>\n<li>Final:\u00a0<a href=\"http:\/\/coro.paroquiabaixadabanheira.org\/reportorio\/diversos\/o.profeta.pdf\">O Profeta<\/a><\/li>\n<\/ul>\n<p>Trazer:<\/p>\n<ul>\n<li><a href=\"http:\/\/coro.paroquiabaixadabanheira.org\/reportorio\/advento\/a.virgem.concebera.pdf\">A Virgem Conceber\u00e1<\/a><\/li>\n<li>\u00a0<a href=\"http:\/\/coro.paroquiabaixadabanheira.org\/reportorio\/advento\/ave.senhora.do.advento.pdf\">Av\u00e9, Senhora do Advento<\/a><\/li>\n<\/ul>\n","protected":false},"excerpt":{"rendered":"<p>DOMINGO GAUDETE \u00ab\u00c9 assim denominado o III Domingo do Advento. A raz\u00e3o \u00e9 que gaudete! (alegrai-vos!), \u00e9 a primeira palavra, h\u00e1 muitos s\u00e9culos, do c\u00e2ntico de entrada deste domingo: \u00abGaudete in Domino semper!\u00bb (\u00abAlegrai-vos sempre no Senhor!\u00bb), convite tomado de &hellip;<\/p>\n<p class=\"read-more\"> <a class=\"more-link\" href=\"https:\/\/coro.paroquiabaixadabanheira.org\/?p=3728\"> <span class=\"screen-reader-text\">Domingo III do Advento<\/span> Read More &raquo;<\/a><\/p>\n","protected":false},"author":3,"featured_media":0,"comment_status":"open","ping_status":"open","sticky":false,"template":"","format":"standard","meta":{"footnotes":""},"categories":[1],"tags":[],"class_list":["post-3728","post","type-post","status-publish","format-standard","hentry","category-uncategorized"],"_links":{"self":[{"href":"https:\/\/coro.paroquiabaixadabanheira.org\/index.php?rest_route=\/wp\/v2\/posts\/3728","targetHints":{"allow":["GET"]}}],"collection":[{"href":"https:\/\/coro.paroquiabaixadabanheira.org\/index.php?rest_route=\/wp\/v2\/posts"}],"about":[{"href":"https:\/\/coro.paroquiabaixadabanheira.org\/index.php?rest_route=\/wp\/v2\/types\/post"}],"author":[{"embeddable":true,"href":"https:\/\/coro.paroquiabaixadabanheira.org\/index.php?rest_route=\/wp\/v2\/users\/3"}],"replies":[{"embeddable":true,"href":"https:\/\/coro.paroquiabaixadabanheira.org\/index.php?rest_route=%2Fwp%2Fv2%2Fcomments&post=3728"}],"version-history":[{"count":3,"href":"https:\/\/coro.paroquiabaixadabanheira.org\/index.php?rest_route=\/wp\/v2\/posts\/3728\/revisions"}],"predecessor-version":[{"id":3731,"href":"https:\/\/coro.paroquiabaixadabanheira.org\/index.php?rest_route=\/wp\/v2\/posts\/3728\/revisions\/3731"}],"wp:attachment":[{"href":"https:\/\/coro.paroquiabaixadabanheira.org\/index.php?rest_route=%2Fwp%2Fv2%2Fmedia&parent=3728"}],"wp:term":[{"taxonomy":"category","embeddable":true,"href":"https:\/\/coro.paroquiabaixadabanheira.org\/index.php?rest_route=%2Fwp%2Fv2%2Fcategories&post=3728"},{"taxonomy":"post_tag","embeddable":true,"href":"https:\/\/coro.paroquiabaixadabanheira.org\/index.php?rest_route=%2Fwp%2Fv2%2Ftags&post=3728"}],"curies":[{"name":"wp","href":"https:\/\/api.w.org\/{rel}","templated":true}]}}