{"id":3742,"date":"2021-12-21T01:03:07","date_gmt":"2021-12-21T01:03:07","guid":{"rendered":"http:\/\/coro.paroquiabaixadabanheira.org\/?p=3742"},"modified":"2021-12-26T21:46:43","modified_gmt":"2021-12-26T21:46:43","slug":"festa-da-sagrada-familia-de-jesus-maria-e-jose-6","status":"publish","type":"post","link":"https:\/\/coro.paroquiabaixadabanheira.org\/?p=3742","title":{"rendered":"Festa da Sagrada Fam\u00edlia de Jesus, Maria e Jos\u00e9"},"content":{"rendered":"<p>&#8220;Foi no quadro comum duma fam\u00edlia humana que se realizou o mist\u00e9rio da Encarna\u00e7\u00e3o, pelo qual Deus feito Homem habita entre os homens. \u00c9 por isso que, neste clima de Natal, a Igreja honra esta fam\u00edlia de obscuro artista de aldeia, em cujo seio decorreram os anos \u00edntimos e silenciosos da inf\u00e2ncia e da juventude de Jesus e que se tornou modelo de toda a fam\u00edlia e de toda a sociedade.<br \/>\nNos nossos dias, passa a fam\u00edlia por transforma\u00e7\u00f5es profundas, que lhe alteram o rosto que est\u00e1vamos habituados a contemplar. Contudo, a comunidade familiar, nascida da institui\u00e7\u00e3o divina que \u00e9 o matrim\u00f3nio, mant\u00e9m todo o seu valor. A experi\u00eancia dos pa\u00edses, onde se levou ao m\u00e1ximo a socializa\u00e7\u00e3o e os estudos da psican\u00e1lise mostram a import\u00e2ncia decisiva da fam\u00edlia para a vida de todo o homem.<br \/>\nNesta Fam\u00edlia t\u00e3o santa, quer pelas pessoas que a integram, quer pela sua singular miss\u00e3o, quer ainda pelo seu g\u00e9nero de vida, t\u00eam todas as fam\u00edlias crist\u00e3s um modelo perfeito de amor, de uni\u00e3o e paz. Seguindo-o, os crist\u00e3os \u00absuperando as dificuldades, prover\u00e3o \u00e0s necessidades e vantagens da fam\u00edlia, de acordo com os novos tempos\u00bb (GS. 52). E a vida familiar, assim iluminada e protegida, continuar\u00e1 a modelar os homens \u00e0 imagem de Cristo e a encaminh\u00e1-los para a fam\u00edlia do C\u00e9u.&#8221; <em>in Secretariado Nacional da Liturgia<\/em><\/p>\n<p><strong>C\u00e2nticos para a Sagrada Fam\u00edlia de Jesus, Maria e Jos\u00e9 \u2013 Ano C (<\/strong><a href=\"https:\/\/www.liturgia.pt\/liturgiadiaria\/dia.php?data=2021-12-26\"><strong>liturgia<\/strong><\/a><strong>)<\/strong><\/p>\n<ul>\n<li>Entrada:\u00a0<a href=\"http:\/\/coro.paroquiabaixadabanheira.org\/reportorio\/natal\/sou.um.pobre.pastorinho.pdf\">Sou um Pobre Pastorinho<\/a> ou <a href=\"http:\/\/coro.paroquiabaixadabanheira.org\/reportorio\/casamento\/deus.da.familia.pdf\">Deus da Fam\u00edlia<\/a><\/li>\n<li>Gl\u00f3ria:\u00a0<a href=\"http:\/\/coro.paroquiabaixadabanheira.org\/reportorio\/gloria\/gloria.a.deus.a.cartageno.pdf\">Gloria Cartageno<\/a><\/li>\n<li>Salmo: \u00a0127(128)<em><a href=\"http:\/\/www.liturgia.pt\/multimedia\/mp3\/SalmosResponsoriais\/010_ABC_06NatSagFam-DitososOsQueTemem.mp3\">\u00a0\u201cDitosos os que temem o Senhor, ditosos os que seguem os seus caminhos\u201d<\/a><\/em><\/li>\n<li>Aclama\u00e7\u00e3o ao Evangelho:\u00a0<a href=\"http:\/\/coro.paroquiabaixadabanheira.org\/reportorio\/aclama\/aleluia.m.frisina.pdf\">Aleluia (Marco Frisina)<\/a>\u00a0<strong>\u201cReine em vossos cora\u00e7\u00f5es a paz de Cristo, habite em v\u00f3s a sua palavra<\/strong><strong>\u201d<\/strong><\/li>\n<li>Ladainhas: <a href=\"http:\/\/coro.paroquiabaixadabanheira.org\/reportorio\/pascoa\/ladainhas.a.ferreira.santos.curta.pdf\">Ladainhas dos santos \u2013 Novo<\/a>\u00a0letra:\u00a0<a href=\"http:\/\/coro.paroquiabaixadabanheira.org\/reportorio\/natal\/ladainha.da.sagrada.familia.2.pdf\">(Sagrada Fam\u00edlia)<\/a><\/li>\n<li>Ora\u00e7\u00e3o dos Fi\u00e9is:\u00a0<a href=\"http:\/\/coro.paroquiabaixadabanheira.org\/reportorio\/aclamacao\/oracao.universal.pdf\">Respostas<\/a>\u00a0(numero 14)<\/li>\n<li>B\u00ean\u00e7\u00e3o das Fam\u00edlias:\u00a0<a href=\"http:\/\/coro.paroquiabaixadabanheira.org\/reportorio\/natal\/iluminai.nos.senhor.csilva.pdf\">Iluminai-nos Senhor<\/a><\/li>\n<li>Apresenta\u00e7\u00e3o dos Dons:\u00a0<a href=\"http:\/\/coro.paroquiabaixadabanheira.org\/reportorio\/natal\/exultemos.de.alegria.pdf\">Exultemos de alegria<\/a>\u00a0com estrofe:\u00a0<strong>Assim come\u00e7a a nova humanidade\/Na sagrada fam\u00edlia em Nazar\u00e9\/Ali encontrar\u00e1s a tua imagem\/Povo de Deus, Igreja Universal!<\/strong><\/li>\n<li>Santo:\u00a0<a href=\"http:\/\/coro.paroquiabaixadabanheira.org\/reportorio\/santo\/santo.marco.frisina.pdf\">Santo Marco Frisina<\/a><\/li>\n<li>Pai Nosso: <a href=\"http:\/\/coro.paroquiabaixadabanheira.org\/reportorio\/painosso\/pai.nosso.2.vozes.pdf\">Pai Nosso\u00a02 vozes<\/a><\/li>\n<li>Frac\u00e7\u00e3o do P\u00e3o: <a href=\"http:\/\/coro.paroquiabaixadabanheira.org\/reportorio\/cordeiro\/cordeiro.de.deus.azevedo.pdf\">Cordeiro (Azevedo Oliveira)<\/a><\/li>\n<li>Comunh\u00e3o: <a href=\"http:\/\/coro.paroquiabaixadabanheira.org\/reportorio\/natal\/a.vida.que.estava.junto.do.pai.pdf\">A vida que estava junto do Pai<\/a><\/li>\n<li>Ac\u00e7\u00e3o de Gra\u00e7as: <a href=\"http:\/\/coro.paroquiabaixadabanheira.org\/reportorio\/diversos\/familia.crista.pdf\">Familia Crist\u00e3<\/a><\/li>\n<li>Venera\u00e7\u00e3o \u00e0 Imagem do Menino: <a href=\"http:\/\/coro.paroquiabaixadabanheira.org\/reportorio\/natal\/natal.cristo.nasceu.pdf\">\u00c9 natal Cristo nasceu<\/a><\/li>\n<li>Venera\u00e7\u00e3o \u00e0 Imagem do Menino: <a href=\"http:\/\/coro.paroquiabaixadabanheira.org\/reportorio\/natal\/hoje.na.terra.pdf\">Hoje na Terra<\/a><\/li>\n<li>Venera\u00e7\u00e3o \u00e0 Imagem do Menino: <a href=\"http:\/\/coro.paroquiabaixadabanheira.org\/reportorio\/natal\/correi.pressurosos.pdf\">Correi Pressurosos a Bel\u00e9m<\/a><\/li>\n<\/ul>\n","protected":false},"excerpt":{"rendered":"<p>&#8220;Foi no quadro comum duma fam\u00edlia humana que se realizou o mist\u00e9rio da Encarna\u00e7\u00e3o, pelo qual Deus feito Homem habita entre os homens. \u00c9 por isso que, neste clima de Natal, a Igreja honra esta fam\u00edlia de obscuro artista de &hellip;<\/p>\n<p class=\"read-more\"> <a class=\"more-link\" href=\"https:\/\/coro.paroquiabaixadabanheira.org\/?p=3742\"> <span class=\"screen-reader-text\">Festa da Sagrada Fam\u00edlia de Jesus, Maria e Jos\u00e9<\/span> Read More &raquo;<\/a><\/p>\n","protected":false},"author":3,"featured_media":0,"comment_status":"open","ping_status":"open","sticky":false,"template":"","format":"standard","meta":{"footnotes":""},"categories":[1],"tags":[],"class_list":["post-3742","post","type-post","status-publish","format-standard","hentry","category-uncategorized"],"_links":{"self":[{"href":"https:\/\/coro.paroquiabaixadabanheira.org\/index.php?rest_route=\/wp\/v2\/posts\/3742","targetHints":{"allow":["GET"]}}],"collection":[{"href":"https:\/\/coro.paroquiabaixadabanheira.org\/index.php?rest_route=\/wp\/v2\/posts"}],"about":[{"href":"https:\/\/coro.paroquiabaixadabanheira.org\/index.php?rest_route=\/wp\/v2\/types\/post"}],"author":[{"embeddable":true,"href":"https:\/\/coro.paroquiabaixadabanheira.org\/index.php?rest_route=\/wp\/v2\/users\/3"}],"replies":[{"embeddable":true,"href":"https:\/\/coro.paroquiabaixadabanheira.org\/index.php?rest_route=%2Fwp%2Fv2%2Fcomments&post=3742"}],"version-history":[{"count":2,"href":"https:\/\/coro.paroquiabaixadabanheira.org\/index.php?rest_route=\/wp\/v2\/posts\/3742\/revisions"}],"predecessor-version":[{"id":3748,"href":"https:\/\/coro.paroquiabaixadabanheira.org\/index.php?rest_route=\/wp\/v2\/posts\/3742\/revisions\/3748"}],"wp:attachment":[{"href":"https:\/\/coro.paroquiabaixadabanheira.org\/index.php?rest_route=%2Fwp%2Fv2%2Fmedia&parent=3742"}],"wp:term":[{"taxonomy":"category","embeddable":true,"href":"https:\/\/coro.paroquiabaixadabanheira.org\/index.php?rest_route=%2Fwp%2Fv2%2Fcategories&post=3742"},{"taxonomy":"post_tag","embeddable":true,"href":"https:\/\/coro.paroquiabaixadabanheira.org\/index.php?rest_route=%2Fwp%2Fv2%2Ftags&post=3742"}],"curies":[{"name":"wp","href":"https:\/\/api.w.org\/{rel}","templated":true}]}}