{"id":3765,"date":"2022-01-06T00:06:47","date_gmt":"2022-01-06T00:06:47","guid":{"rendered":"http:\/\/coro.paroquiabaixadabanheira.org\/?p=3765"},"modified":"2022-01-20T01:09:32","modified_gmt":"2022-01-20T01:09:32","slug":"convocatoria-sinodo","status":"publish","type":"post","link":"https:\/\/coro.paroquiabaixadabanheira.org\/?p=3765","title":{"rendered":"Convocat\u00f3ria S\u00ednodo"},"content":{"rendered":"<p>Ir\u00e1 realizar-se no dia 15 de Janeiro \u00e1s 15 horas na Cripta da Igreja da baixa da Banheira o primeiro encontro do processo sinodal da nossa comunidade.<\/p>\n<p>A palavra &#8220;S\u00ednodo&#8221; dignifica caminho feito em conjunto.<\/p>\n<p>O convite \u00e9 feito a todos as pessoas que comp\u00f5em os grupos da paroquia, no qual estamos inclu\u00eddos. Assim dever\u00e3o todos comparecer nesse dia para dar inicio a este dinamismo de escuta reciproca no Esp\u00edrito Santo e a participa\u00e7\u00e3o de todos no processo sinodal.<\/p>\n<p>O encontro durar\u00e1 apenas uma hora.<\/p>\n","protected":false},"excerpt":{"rendered":"<p>Ir\u00e1 realizar-se no dia 15 de Janeiro \u00e1s 15 horas na Cripta da Igreja da baixa da Banheira o primeiro encontro do processo sinodal da nossa comunidade. A palavra &#8220;S\u00ednodo&#8221; dignifica caminho feito em conjunto. O convite \u00e9 feito a &hellip;<\/p>\n<p class=\"read-more\"> <a class=\"more-link\" href=\"https:\/\/coro.paroquiabaixadabanheira.org\/?p=3765\"> <span class=\"screen-reader-text\">Convocat\u00f3ria S\u00ednodo<\/span> Read More &raquo;<\/a><\/p>\n","protected":false},"author":3,"featured_media":0,"comment_status":"open","ping_status":"open","sticky":false,"template":"","format":"standard","meta":{"footnotes":""},"categories":[1],"tags":[],"class_list":["post-3765","post","type-post","status-publish","format-standard","hentry","category-uncategorized"],"_links":{"self":[{"href":"https:\/\/coro.paroquiabaixadabanheira.org\/index.php?rest_route=\/wp\/v2\/posts\/3765","targetHints":{"allow":["GET"]}}],"collection":[{"href":"https:\/\/coro.paroquiabaixadabanheira.org\/index.php?rest_route=\/wp\/v2\/posts"}],"about":[{"href":"https:\/\/coro.paroquiabaixadabanheira.org\/index.php?rest_route=\/wp\/v2\/types\/post"}],"author":[{"embeddable":true,"href":"https:\/\/coro.paroquiabaixadabanheira.org\/index.php?rest_route=\/wp\/v2\/users\/3"}],"replies":[{"embeddable":true,"href":"https:\/\/coro.paroquiabaixadabanheira.org\/index.php?rest_route=%2Fwp%2Fv2%2Fcomments&post=3765"}],"version-history":[{"count":1,"href":"https:\/\/coro.paroquiabaixadabanheira.org\/index.php?rest_route=\/wp\/v2\/posts\/3765\/revisions"}],"predecessor-version":[{"id":3766,"href":"https:\/\/coro.paroquiabaixadabanheira.org\/index.php?rest_route=\/wp\/v2\/posts\/3765\/revisions\/3766"}],"wp:attachment":[{"href":"https:\/\/coro.paroquiabaixadabanheira.org\/index.php?rest_route=%2Fwp%2Fv2%2Fmedia&parent=3765"}],"wp:term":[{"taxonomy":"category","embeddable":true,"href":"https:\/\/coro.paroquiabaixadabanheira.org\/index.php?rest_route=%2Fwp%2Fv2%2Fcategories&post=3765"},{"taxonomy":"post_tag","embeddable":true,"href":"https:\/\/coro.paroquiabaixadabanheira.org\/index.php?rest_route=%2Fwp%2Fv2%2Ftags&post=3765"}],"curies":[{"name":"wp","href":"https:\/\/api.w.org\/{rel}","templated":true}]}}