{"id":3898,"date":"2022-05-24T23:43:17","date_gmt":"2022-05-24T23:43:17","guid":{"rendered":"http:\/\/coro.paroquiabaixadabanheira.org\/?p=3898"},"modified":"2022-05-24T23:43:18","modified_gmt":"2022-05-24T23:43:18","slug":"procissao-de-velas-nossa-senhora-de-fatima-6","status":"publish","type":"post","link":"https:\/\/coro.paroquiabaixadabanheira.org\/?p=3898","title":{"rendered":"Prociss\u00e3o de Velas \u2013 Nossa Senhora de F\u00e1tima"},"content":{"rendered":"<p><strong>No dia 27 de Maio pelas 21h30<\/strong> ir\u00e1 realizar-se a prociss\u00e3o em honra de Nossa Senhora de F\u00e1tima. Ter\u00e1 inicio na capela do Vale da Amoreira e termina na Igreja da Baixa da Banheira.<\/p>\n<p><img loading=\"lazy\" decoding=\"async\" class=\"aligncenter size-medium wp-image-3899\" src=\"http:\/\/coro.paroquiabaixadabanheira.org\/wp-content\/uploads\/2022\/05\/procissao-211x300.jpg\" alt=\"\" width=\"211\" height=\"300\" srcset=\"https:\/\/coro.paroquiabaixadabanheira.org\/wp-content\/uploads\/2022\/05\/procissao-211x300.jpg 211w, https:\/\/coro.paroquiabaixadabanheira.org\/wp-content\/uploads\/2022\/05\/procissao-100x143.jpg 100w, https:\/\/coro.paroquiabaixadabanheira.org\/wp-content\/uploads\/2022\/05\/procissao-150x214.jpg 150w, https:\/\/coro.paroquiabaixadabanheira.org\/wp-content\/uploads\/2022\/05\/procissao-200x285.jpg 200w, https:\/\/coro.paroquiabaixadabanheira.org\/wp-content\/uploads\/2022\/05\/procissao-300x428.jpg 300w, https:\/\/coro.paroquiabaixadabanheira.org\/wp-content\/uploads\/2022\/05\/procissao.jpg 447w\" sizes=\"auto, (max-width: 211px) 100vw, 211px\" \/><\/p>\n<p>Somos todos convidados a participar e cantar. Ponto de encontro as 21h20 na Capela do Vale da Amoreira.<\/p>\n<p>C\u00e2nticos para a prociss\u00e3o das velas no dia 27 de Maio.<\/p>\n<ul>\n<li>Inicio:\u00a0<a href=\"http:\/\/coro.paroquiabaixadabanheira.org\/reportorio\/maria\/bendizemos.o.teu.nome.pdf\">Bendizemos o Teu Nome<\/a>\u00a0(1\u00ba, 3\u00ba\u00a0e 4\u00ba\u00a0estrofe)<\/li>\n<li>Ter\u00e7o cantado (1\u00ba, 3\u00ba e 5\u00ba mist\u00e9rio):\u00a0<a href=\"http:\/\/coro.paroquiabaixadabanheira.org\/reportorio\/maria\/ave.maria.terco.pdf\">Ave Maria e Gloria<\/a> (Gloria \u00e9 sempre cantado)<\/li>\n<li>1\u00ba Mist\u00e9rio:\u00a0<a href=\"http:\/\/coro.paroquiabaixadabanheira.org\/reportorio\/maria\/senhora.nos.vos.louvamos2.pdf\">Senhora, N\u00f3s Vos Louvamos<\/a><\/li>\n<li>2\u00ba Mist\u00e9rio:\u00a0<a href=\"http:\/\/coro.paroquiabaixadabanheira.org\/reportorio\/maria\/senhora.nossa.senhora.minha.pdf\">Senhora Nossa, Senhora Minha<\/a><\/li>\n<li>3\u00ba Mist\u00e9rio:\u00a0<a href=\"http:\/\/coro.paroquiabaixadabanheira.org\/reportorio\/maria\/sobre.os.bracos.da.azinheira.pdf\">Sobre os Bra\u00e7os da Azinheira\u00a0<\/a>(1\u00ba, 3\u00ba, 4\u00ba e 5\u00ba estrofe)<\/li>\n<li>4\u00ba Mist\u00e9rio:\u00a0<a href=\"http:\/\/coro.paroquiabaixadabanheira.org\/reportorio\/maria\/tu.es.a.gloria.de.jerusalem.pdf\">Tu \u00e9s a gloria de Jerusal\u00e9m<\/a><\/li>\n<li>5\u00ba Mist\u00e9rio:\u00a0<a href=\"http:\/\/coro.paroquiabaixadabanheira.org\/reportorio\/maria\/a.treze.de.maio.pdf\">A treze de Maio<\/a>\u00a0(estrofes: 1, 2, 4, 5, 9, 11, 12, 13)<\/li>\n<li>Entrega das Flores: <a href=\"http:\/\/coro.paroquiabaixadabanheira.org\/reportorio\/maria\/ave.maria.gratia.plena.pdf\">Gratia Plena<\/a><\/li>\n<li>Entrega das Flores: <a href=\"http:\/\/coro.paroquiabaixadabanheira.org\/reportorio\/maria\/quero.ser.como.tu.pdf\">Quero Ser Como Tu<\/a><\/li>\n<li>Entrada na Igreja:\u00a0<a href=\"http:\/\/coro.paroquiabaixadabanheira.org\/reportorio\/maria\/mae.de.jesus.mae.da.igreja.v3.pdf\">M\u00e3e de Jesus, M\u00e3e da Igreja<\/a><\/li>\n<li>Final:\u00a0<a href=\"http:\/\/coro.paroquiabaixadabanheira.org\/reportorio\/maria\/o.virgem.do.rosario.pdf\">\u00d3 Virgem do Ros\u00e1rio<\/a><\/li>\n<\/ul>\n<p>Suplentes:<\/p>\n<ul>\n<li><a href=\"http:\/\/coro.paroquiabaixadabanheira.org\/reportorio\/maria\/hino.pastorinhos.pdf\">Hino dos Pastorinhos<\/a><\/li>\n<li><a href=\"http:\/\/coro.paroquiabaixadabanheira.org\/reportorio\/maria\/senhora.um.dia.descestes2.pdf\">Senhora um dia descestes<\/a><\/li>\n<li><a href=\"http:\/\/coro.paroquiabaixadabanheira.org\/reportorio\/maria\/miraculosa.pdf\">Miraculosa<\/a><\/li>\n<li><a href=\"http:\/\/coro.paroquiabaixadabanheira.org\/reportorio\/maria\/mae.do.povo.pdf\">M\u00e3e do Povo<\/a><\/li>\n<\/ul>\n","protected":false},"excerpt":{"rendered":"<p>No dia 27 de Maio pelas 21h30 ir\u00e1 realizar-se a prociss\u00e3o em honra de Nossa Senhora de F\u00e1tima. Ter\u00e1 inicio na capela do Vale da Amoreira e termina na Igreja da Baixa da Banheira. Somos todos convidados a participar e &hellip;<\/p>\n<p class=\"read-more\"> <a class=\"more-link\" href=\"https:\/\/coro.paroquiabaixadabanheira.org\/?p=3898\"> <span class=\"screen-reader-text\">Prociss\u00e3o de Velas \u2013 Nossa Senhora de F\u00e1tima<\/span> Read More &raquo;<\/a><\/p>\n","protected":false},"author":3,"featured_media":0,"comment_status":"open","ping_status":"open","sticky":false,"template":"","format":"standard","meta":{"footnotes":""},"categories":[1],"tags":[],"class_list":["post-3898","post","type-post","status-publish","format-standard","hentry","category-uncategorized"],"_links":{"self":[{"href":"https:\/\/coro.paroquiabaixadabanheira.org\/index.php?rest_route=\/wp\/v2\/posts\/3898","targetHints":{"allow":["GET"]}}],"collection":[{"href":"https:\/\/coro.paroquiabaixadabanheira.org\/index.php?rest_route=\/wp\/v2\/posts"}],"about":[{"href":"https:\/\/coro.paroquiabaixadabanheira.org\/index.php?rest_route=\/wp\/v2\/types\/post"}],"author":[{"embeddable":true,"href":"https:\/\/coro.paroquiabaixadabanheira.org\/index.php?rest_route=\/wp\/v2\/users\/3"}],"replies":[{"embeddable":true,"href":"https:\/\/coro.paroquiabaixadabanheira.org\/index.php?rest_route=%2Fwp%2Fv2%2Fcomments&post=3898"}],"version-history":[{"count":2,"href":"https:\/\/coro.paroquiabaixadabanheira.org\/index.php?rest_route=\/wp\/v2\/posts\/3898\/revisions"}],"predecessor-version":[{"id":3901,"href":"https:\/\/coro.paroquiabaixadabanheira.org\/index.php?rest_route=\/wp\/v2\/posts\/3898\/revisions\/3901"}],"wp:attachment":[{"href":"https:\/\/coro.paroquiabaixadabanheira.org\/index.php?rest_route=%2Fwp%2Fv2%2Fmedia&parent=3898"}],"wp:term":[{"taxonomy":"category","embeddable":true,"href":"https:\/\/coro.paroquiabaixadabanheira.org\/index.php?rest_route=%2Fwp%2Fv2%2Fcategories&post=3898"},{"taxonomy":"post_tag","embeddable":true,"href":"https:\/\/coro.paroquiabaixadabanheira.org\/index.php?rest_route=%2Fwp%2Fv2%2Ftags&post=3898"}],"curies":[{"name":"wp","href":"https:\/\/api.w.org\/{rel}","templated":true}]}}