{"id":3902,"date":"2022-05-24T23:58:20","date_gmt":"2022-05-24T23:58:20","guid":{"rendered":"http:\/\/coro.paroquiabaixadabanheira.org\/?p=3902"},"modified":"2022-05-24T23:58:21","modified_gmt":"2022-05-24T23:58:21","slug":"solenidade-da-ascensao-do-senhor-5","status":"publish","type":"post","link":"https:\/\/coro.paroquiabaixadabanheira.org\/?p=3902","title":{"rendered":"Solenidade da Ascens\u00e3o do Senhor"},"content":{"rendered":"<p>&#8220;Deus sobe ao som da trombeta. A m\u00fasica lit\u00fargica n\u00e3o se executa para preencher \u201cmomentos mortos\u201d da celebra\u00e7\u00e3o nem exige interrup\u00e7\u00f5es da mesma, para que os m\u00fasicos se possam exprimir. Ela acompanha o momento ritual e, por isso, se diz que a m\u00fasica lit\u00fargica \u00e9 ritual, participa plenamente no rito e ilustra a Palavra. Ela n\u00e3o \u00e9 \u201cm\u00fasica para encher\u201d, mas \u201cenche\u201d o momento ritual dando-lhe plenitude e resson\u00e2ncias.&#8221;\u00a0 <em>In Arquidiocese de Braga<\/em><\/p>\n<p><strong>C\u00e2nticos para a Solenidade da Ascens\u00e3o do Senhor <\/strong><strong>\u2013 Ano C (<a href=\"https:\/\/www.liturgia.pt\/liturgiadiaria\/dia.php?data=2022-5-29\">liturgia)<\/a><\/strong><\/p>\n<ul>\n<li>Entrada: <a href=\"http:\/\/coro.paroquiabaixadabanheira.org\/reportorio\/pascoa\/aclamai.jesus.cristo.pdf\">Aclamai Jesus cristo<\/a><\/li>\n<li>Acto Penitencial:\u00a0<a href=\"http:\/\/coro.paroquiabaixadabanheira.org\/reportorio\/penitencial\/kyrie.eleison.manuel.simoes.pdf\">Kyrie Eleison (Manuel Sim\u00f5es)<\/a><\/li>\n<li>ou Resposta antes da aspers\u00e3o:\u00a0<a href=\"http:\/\/coro.paroquiabaixadabanheira.org\/reportorio\/aclamacao\/gloria.a.vos.senhor.aclamacao.do.preconio.pdf\">Gloria a v\u00f3s senhor<\/a><\/li>\n<li>ou Aspers\u00e3o:\u00a0<a href=\"http:\/\/coro.paroquiabaixadabanheira.org\/reportorio\/penitencial\/vi.a.agua.sair.pdf\">Vi a \u00e1gua sair<\/a><\/li>\n<li>Gl\u00f3ria:\u00a0<a href=\"http:\/\/coro.paroquiabaixadabanheira.org\/reportorio\/gloria\/gloria.2.vozes.pdf\">Gloria 2 Vozes\u00a0<\/a><\/li>\n<li>Salmo 46 (47)\u00a0<a href=\"https:\/\/www.liturgia.pt\/multimedia\/mp3\/SalmosResponsoriais\/033_Pas07AVIIDom-Ergue-seDeus.mp3\"><em>\u201dErgue-Se Deus, o Senhor,\u00a0em j\u00fabilo e ao som da trombeta\u201d<\/em><\/a><\/li>\n<li>Aclama\u00e7\u00e3o ao Evangelho:\u00a0\u00a0<a href=\"http:\/\/coro.paroquiabaixadabanheira.org\/reportorio\/pascoa\/aleluia.pascal.pdf\">Aleluia Pascal<\/a> <strong>\u201cIde e ensinai todos os povos, diz o Senhor: Eu estou sempre<\/strong><strong>\u00a0convosco at\u00e9 ao fim dos tempos.\u201d<\/strong><\/li>\n<li>Ora\u00e7\u00e3o dos Fi\u00e9is:\u00a0<a href=\"http:\/\/coro.paroquiabaixadabanheira.org\/reportorio\/aclamacao\/oracao.universal.pdf\">Respostas\u00a0<\/a>\u2013 33<\/li>\n<li>Apresenta\u00e7\u00e3o dos Dons: <a href=\"http:\/\/coro.paroquiabaixadabanheira.org\/reportorio\/gracas\/eu.estou.sempre.convosco.pdf\">Eu estou sempre convosco<\/a><\/li>\n<li>Santo:\u00a0<a href=\"http:\/\/coro.paroquiabaixadabanheira.org\/reportorio\/santo\/santo.carlos.silva2.pdf\">Santo Carlos Silva 2<\/a><\/li>\n<li>Cordeiro:\u00a0<a href=\"http:\/\/coro.paroquiabaixadabanheira.org\/reportorio\/cordeiro\/cordeiro.cartageno2.pdf\">Cordeiro\u00a02 Cartageno<\/a><\/li>\n<li>Comunh\u00e3o: <a href=\"http:\/\/coro.paroquiabaixadabanheira.org\/reportorio\/pentecostes\/homens.da.galileia.pdf\">Homens da Galileia<\/a><\/li>\n<li>Ac\u00e7\u00e3o de Gra\u00e7as: <a href=\"http:\/\/coro.paroquiabaixadabanheira.org\/reportorio\/maria\/ave.theotokos.pdf\">Ave Theotokos<\/a> ou\u00a0<a href=\"http:\/\/coro.paroquiabaixadabanheira.org\/reportorio\/pascoa\/como.o.pai.me.enviou.pdf\">Como o Pai me enviou<\/a><\/li>\n<li>Final: <a href=\"http:\/\/coro.paroquiabaixadabanheira.org\/reportorio\/final\/ide.e.ensinai.pdf\">Ide e Ensinai<\/a><\/li>\n<\/ul>\n<p>Trazer:<\/p>\n<ul>\n<li>Musicas para a prociss\u00e3o de velas<\/li>\n<\/ul>\n","protected":false},"excerpt":{"rendered":"<p>&#8220;Deus sobe ao som da trombeta. A m\u00fasica lit\u00fargica n\u00e3o se executa para preencher \u201cmomentos mortos\u201d da celebra\u00e7\u00e3o nem exige interrup\u00e7\u00f5es da mesma, para que os m\u00fasicos se possam exprimir. Ela acompanha o momento ritual e, por isso, se diz &hellip;<\/p>\n<p class=\"read-more\"> <a class=\"more-link\" href=\"https:\/\/coro.paroquiabaixadabanheira.org\/?p=3902\"> <span class=\"screen-reader-text\">Solenidade da Ascens\u00e3o do Senhor<\/span> Read More &raquo;<\/a><\/p>\n","protected":false},"author":3,"featured_media":0,"comment_status":"open","ping_status":"open","sticky":false,"template":"","format":"standard","meta":{"footnotes":""},"categories":[1],"tags":[],"class_list":["post-3902","post","type-post","status-publish","format-standard","hentry","category-uncategorized"],"_links":{"self":[{"href":"https:\/\/coro.paroquiabaixadabanheira.org\/index.php?rest_route=\/wp\/v2\/posts\/3902","targetHints":{"allow":["GET"]}}],"collection":[{"href":"https:\/\/coro.paroquiabaixadabanheira.org\/index.php?rest_route=\/wp\/v2\/posts"}],"about":[{"href":"https:\/\/coro.paroquiabaixadabanheira.org\/index.php?rest_route=\/wp\/v2\/types\/post"}],"author":[{"embeddable":true,"href":"https:\/\/coro.paroquiabaixadabanheira.org\/index.php?rest_route=\/wp\/v2\/users\/3"}],"replies":[{"embeddable":true,"href":"https:\/\/coro.paroquiabaixadabanheira.org\/index.php?rest_route=%2Fwp%2Fv2%2Fcomments&post=3902"}],"version-history":[{"count":1,"href":"https:\/\/coro.paroquiabaixadabanheira.org\/index.php?rest_route=\/wp\/v2\/posts\/3902\/revisions"}],"predecessor-version":[{"id":3903,"href":"https:\/\/coro.paroquiabaixadabanheira.org\/index.php?rest_route=\/wp\/v2\/posts\/3902\/revisions\/3903"}],"wp:attachment":[{"href":"https:\/\/coro.paroquiabaixadabanheira.org\/index.php?rest_route=%2Fwp%2Fv2%2Fmedia&parent=3902"}],"wp:term":[{"taxonomy":"category","embeddable":true,"href":"https:\/\/coro.paroquiabaixadabanheira.org\/index.php?rest_route=%2Fwp%2Fv2%2Fcategories&post=3902"},{"taxonomy":"post_tag","embeddable":true,"href":"https:\/\/coro.paroquiabaixadabanheira.org\/index.php?rest_route=%2Fwp%2Fv2%2Ftags&post=3902"}],"curies":[{"name":"wp","href":"https:\/\/api.w.org\/{rel}","templated":true}]}}