{"id":3959,"date":"2022-08-03T23:19:51","date_gmt":"2022-08-03T23:19:51","guid":{"rendered":"http:\/\/coro.paroquiabaixadabanheira.org\/?p=3959"},"modified":"2022-08-03T23:19:53","modified_gmt":"2022-08-03T23:19:53","slug":"assuncao-da-virgem-santa-maria","status":"publish","type":"post","link":"https:\/\/coro.paroquiabaixadabanheira.org\/?p=3959","title":{"rendered":"Assun\u00e7\u00e3o da Virgem Santa Maria"},"content":{"rendered":"<p><strong>C\u00e2nticos para a Assun\u00e7\u00e3o da Virgem Santa Maria \u2013 Ano C<\/strong>\u00a0(<a href=\"https:\/\/www.liturgia.pt\/santos\/santo_v.php?cod_santo=133\" data-wplink-edit=\"true\">Liturgia<\/a>)<\/p>\n<ul>\n<li>Entrada: <a href=\"http:\/\/coro.paroquiabaixadabanheira.org\/reportorio\/maria\/a.minha.alma.canta.jubilosa.pdf\">A minha alma canta jubilosa<\/a><\/li>\n<li>Acto Penitencial:\u00a0<a href=\"http:\/\/coro.paroquiabaixadabanheira.org\/reportorio\/penitencial\/senhor.misericordia.missal.pdf\">Senhor miseric\u00f3rdia (melodia do missal)<\/a><\/li>\n<li>Salmo: 44 (45) \u00a0<a href=\"https:\/\/www.liturgia.pt\/multimedia\/mp3\/SalmosResponsoriais\/154_TC_C_20Dom-SenhorSocorrei-me.mp3\"><em>\u201d<a href=\"https:\/\/www.liturgia.pt\/multimedia\/mp3\/SalmosResponsoriais\/207_2_St_AssuncaoVSM_Dia_Bendita_sois_o_Virgem_Maria.mp3\">Bendita sois, \u00f3 Virgem Maria na gl\u00f3ria do vosso Filho<\/a>.<\/em><em>\u201d<\/em><\/a><\/li>\n<li>Aclama\u00e7\u00e3o ao Evangelho: \u00a0<a href=\"http:\/\/coro.paroquiabaixadabanheira.org\/reportorio\/aclama\/aleluia.manuel.simoes.pdf\">Aleluia (Manuel Sim\u00f5es)<\/a><a href=\"http:\/\/coro.paroquiabaixadabanheira.org\/reportorio\/aclama\/aleluia.janmichaeljoncas.pdf\">\u00a0<\/a><strong>\u201cMaria foi elevada ao C\u00e9u: alegra-se a multid\u00e3o dos Anjos.\u201d<\/strong><\/li>\n<li>Apresenta\u00e7\u00e3o dos Dons: <a href=\"http:\/\/coro.paroquiabaixadabanheira.org\/reportorio\/maria\/tu.es.a.gloria.de.jerusalem.pdf\">Tu \u00e9s a gloria de Jerusal\u00e9m<\/a><\/li>\n<li>Santo:\u00a0<a href=\"http:\/\/coro.paroquiabaixadabanheira.org\/reportorio\/santo\/santo.cartageno2.pdf\">Santo Cartageno 2<\/a><\/li>\n<li>Frac\u00e7\u00e3o do P\u00e3o:\u00a0<a href=\"http:\/\/coro.paroquiabaixadabanheira.org\/reportorio\/cordeiro\/cordeiro.de.deus.azevedo.pdf\">Cordeiro (Azevedo Oliveira)<\/a><\/li>\n<li>Comunh\u00e3o: <a href=\"http:\/\/coro.paroquiabaixadabanheira.org\/reportorio\/maria\/bendita.seja.virgem.maria.pdf\">Bendita Seja Virgem Maria<\/a><\/li>\n<li>Final: <a href=\"http:\/\/coro.paroquiabaixadabanheira.org\/reportorio\/maria\/pelas.estradas.da.vida.pdf\">Pelas estradas da vida<\/a><\/li>\n<\/ul>\n","protected":false},"excerpt":{"rendered":"<p>C\u00e2nticos para a Assun\u00e7\u00e3o da Virgem Santa Maria \u2013 Ano C\u00a0(Liturgia) Entrada: A minha alma canta jubilosa Acto Penitencial:\u00a0Senhor miseric\u00f3rdia (melodia do missal) Salmo: 44 (45) \u00a0\u201dBendita sois, \u00f3 Virgem Maria na gl\u00f3ria do vosso Filho.\u201d Aclama\u00e7\u00e3o ao Evangelho: \u00a0Aleluia &hellip;<\/p>\n<p class=\"read-more\"> <a class=\"more-link\" href=\"https:\/\/coro.paroquiabaixadabanheira.org\/?p=3959\"> <span class=\"screen-reader-text\">Assun\u00e7\u00e3o da Virgem Santa Maria<\/span> Read More &raquo;<\/a><\/p>\n","protected":false},"author":3,"featured_media":0,"comment_status":"open","ping_status":"open","sticky":false,"template":"","format":"standard","meta":{"footnotes":""},"categories":[1],"tags":[],"class_list":["post-3959","post","type-post","status-publish","format-standard","hentry","category-uncategorized"],"_links":{"self":[{"href":"https:\/\/coro.paroquiabaixadabanheira.org\/index.php?rest_route=\/wp\/v2\/posts\/3959","targetHints":{"allow":["GET"]}}],"collection":[{"href":"https:\/\/coro.paroquiabaixadabanheira.org\/index.php?rest_route=\/wp\/v2\/posts"}],"about":[{"href":"https:\/\/coro.paroquiabaixadabanheira.org\/index.php?rest_route=\/wp\/v2\/types\/post"}],"author":[{"embeddable":true,"href":"https:\/\/coro.paroquiabaixadabanheira.org\/index.php?rest_route=\/wp\/v2\/users\/3"}],"replies":[{"embeddable":true,"href":"https:\/\/coro.paroquiabaixadabanheira.org\/index.php?rest_route=%2Fwp%2Fv2%2Fcomments&post=3959"}],"version-history":[{"count":1,"href":"https:\/\/coro.paroquiabaixadabanheira.org\/index.php?rest_route=\/wp\/v2\/posts\/3959\/revisions"}],"predecessor-version":[{"id":3960,"href":"https:\/\/coro.paroquiabaixadabanheira.org\/index.php?rest_route=\/wp\/v2\/posts\/3959\/revisions\/3960"}],"wp:attachment":[{"href":"https:\/\/coro.paroquiabaixadabanheira.org\/index.php?rest_route=%2Fwp%2Fv2%2Fmedia&parent=3959"}],"wp:term":[{"taxonomy":"category","embeddable":true,"href":"https:\/\/coro.paroquiabaixadabanheira.org\/index.php?rest_route=%2Fwp%2Fv2%2Fcategories&post=3959"},{"taxonomy":"post_tag","embeddable":true,"href":"https:\/\/coro.paroquiabaixadabanheira.org\/index.php?rest_route=%2Fwp%2Fv2%2Ftags&post=3959"}],"curies":[{"name":"wp","href":"https:\/\/api.w.org\/{rel}","templated":true}]}}