{"id":3968,"date":"2022-08-31T22:07:29","date_gmt":"2022-08-31T22:07:29","guid":{"rendered":"http:\/\/coro.paroquiabaixadabanheira.org\/?p=3968"},"modified":"2022-08-31T22:07:31","modified_gmt":"2022-08-31T22:07:31","slug":"domingo-xxiii-do-tempo-comum-13","status":"publish","type":"post","link":"https:\/\/coro.paroquiabaixadabanheira.org\/?p=3968","title":{"rendered":"Domingo XXIII do Tempo Comum"},"content":{"rendered":"<p>Inicio dos ensaios do novo Ano Pastoral 2022\/2023 \u2013 dia<strong> 2 de Setembro \u00e0s 21h\u00a0<\/strong><\/p>\n<p><strong>C\u00e2nticos para o Domingo XXIII Domingo do Tempo Comum \u2013 Ano C<\/strong>\u00a0(<a href=\"https:\/\/www.liturgia.pt\/liturgiadiaria\/dia.php?data=2022-9-4\">Liturgia<\/a>)<\/p>\n<ul>\n<li>Entrada: <a href=\"http:\/\/coro.paroquiabaixadabanheira.org\/reportorio\/entrada\/meu.senhor.eu.vos.amo.pdf\">Meu Senhor Eu Vos Amo<\/a><\/li>\n<li>Acto Penitencial:\u00a0<a href=\"http:\/\/coro.paroquiabaixadabanheira.org\/reportorio\/penitencial\/senhor.misericordia.missal.pdf\">Senhor miseric\u00f3rdia (melodia do missal)<\/a><\/li>\n<li>Salmo: 89 (90) \u00a0<a href=\"https:\/\/www.liturgia.pt\/multimedia\/mp3\/SalmosResponsoriais\/152_TC_C_18Dom-OSenhorTendesSido.mp3\"><em>\u201dSenhor, tendes sido o nosso ref\u00fagio atrav\u00e9s das gera\u00e7\u00f5es<\/em><em>\u201d<\/em><\/a><\/li>\n<li>Aclama\u00e7\u00e3o ao Evangelho: \u00a0<a href=\"http:\/\/coro.paroquiabaixadabanheira.org\/reportorio\/aclama\/aleluia.manuel.simoes.pdf\">Aleluia (Manuel Sim\u00f5es)<\/a><a href=\"http:\/\/coro.paroquiabaixadabanheira.org\/reportorio\/aclama\/aleluia.janmichaeljoncas.pdf\">\u00a0<\/a><strong>\u201c<i>Fazei brilhar sobre mim, Senhor, a luz do vosso rosto <\/i><i>e ensinai-me os vossos mandamentos<\/i>.\u201d<\/strong><\/li>\n<li>Apresenta\u00e7\u00e3o dos Dons: <a href=\"http:\/\/coro.paroquiabaixadabanheira.org\/reportorio\/quaresma\/se.alguem.quiser.seguir.me.pdf\">Se algu\u00e9m quiser seguir-Me<\/a><\/li>\n<li>Santo: <a href=\"http:\/\/coro.paroquiabaixadabanheira.org\/reportorio\/santo\/santo.ferreira.santos.pdf\">Santo Ferreira dos Santos<\/a><\/li>\n<li>Frac\u00e7\u00e3o do P\u00e3o: <a href=\"http:\/\/coro.paroquiabaixadabanheira.org\/reportorio\/cordeiro\/cordeiro.olindo.marques.pdf\">Cordeiro\u00a0(Olindo Marques)<\/a><\/li>\n<li>Comunh\u00e3o: <a href=\"http:\/\/coro.paroquiabaixadabanheira.org\/reportorio\/comunhao\/como.suspira.o.veado.pdf\">Como suspira o veado\u00a0<\/a>ou\u00a0<a href=\"http:\/\/coro.paroquiabaixadabanheira.org\/reportorio\/comunhao\/eu.sou.o.pao.da.vida.pdf\">Eu sou o P\u00e3o da Vida<\/a><\/li>\n<li>Ac\u00e7\u00e3o de Gra\u00e7as: <a href=\"http:\/\/coro.paroquiabaixadabanheira.org\/reportorio\/gracas\/nada.te.perturbe.pdf\">Nada Te Perturbe<\/a><\/li>\n<li>Final: <a href=\"http:\/\/coro.paroquiabaixadabanheira.org\/reportorio\/final\/povo.teu.somos.pdf\">Povo teu somos<\/a><\/li>\n<\/ul>\n<p>Trazer<\/p>\n<ul>\n<li><a href=\"http:\/\/coro.paroquiabaixadabanheira.org\/reportorio\/casamento\/o.senhor.vos.conserve.pdf\">O Senhor vos conserve<\/a><\/li>\n<li><a href=\"http:\/\/coro.paroquiabaixadabanheira.org\/reportorio\/casamento\/forte.e.o.amor.pdf\">Forte \u00e9 o Amor<\/a><\/li>\n<li><a href=\"http:\/\/coro.paroquiabaixadabanheira.org\/reportorio\/casamento\/cristo.amou.a.igreja.pdf\">Cristo amou a Igreja<\/a><\/li>\n<li><a href=\"http:\/\/coro.paroquiabaixadabanheira.org\/reportorio\/casamento\/construi.vossa.casa.sobre.rocha.pdf\">Constru\u00ed Vossa Casa Sobre Rocha<\/a><\/li>\n<\/ul>\n","protected":false},"excerpt":{"rendered":"<p>Inicio dos ensaios do novo Ano Pastoral 2022\/2023 \u2013 dia 2 de Setembro \u00e0s 21h\u00a0 C\u00e2nticos para o Domingo XXIII Domingo do Tempo Comum \u2013 Ano C\u00a0(Liturgia) Entrada: Meu Senhor Eu Vos Amo Acto Penitencial:\u00a0Senhor miseric\u00f3rdia (melodia do missal) Salmo: &hellip;<\/p>\n<p class=\"read-more\"> <a class=\"more-link\" href=\"https:\/\/coro.paroquiabaixadabanheira.org\/?p=3968\"> <span class=\"screen-reader-text\">Domingo XXIII do Tempo Comum<\/span> Read More &raquo;<\/a><\/p>\n","protected":false},"author":3,"featured_media":0,"comment_status":"open","ping_status":"open","sticky":false,"template":"","format":"standard","meta":{"footnotes":""},"categories":[1],"tags":[],"class_list":["post-3968","post","type-post","status-publish","format-standard","hentry","category-uncategorized"],"_links":{"self":[{"href":"https:\/\/coro.paroquiabaixadabanheira.org\/index.php?rest_route=\/wp\/v2\/posts\/3968","targetHints":{"allow":["GET"]}}],"collection":[{"href":"https:\/\/coro.paroquiabaixadabanheira.org\/index.php?rest_route=\/wp\/v2\/posts"}],"about":[{"href":"https:\/\/coro.paroquiabaixadabanheira.org\/index.php?rest_route=\/wp\/v2\/types\/post"}],"author":[{"embeddable":true,"href":"https:\/\/coro.paroquiabaixadabanheira.org\/index.php?rest_route=\/wp\/v2\/users\/3"}],"replies":[{"embeddable":true,"href":"https:\/\/coro.paroquiabaixadabanheira.org\/index.php?rest_route=%2Fwp%2Fv2%2Fcomments&post=3968"}],"version-history":[{"count":2,"href":"https:\/\/coro.paroquiabaixadabanheira.org\/index.php?rest_route=\/wp\/v2\/posts\/3968\/revisions"}],"predecessor-version":[{"id":3970,"href":"https:\/\/coro.paroquiabaixadabanheira.org\/index.php?rest_route=\/wp\/v2\/posts\/3968\/revisions\/3970"}],"wp:attachment":[{"href":"https:\/\/coro.paroquiabaixadabanheira.org\/index.php?rest_route=%2Fwp%2Fv2%2Fmedia&parent=3968"}],"wp:term":[{"taxonomy":"category","embeddable":true,"href":"https:\/\/coro.paroquiabaixadabanheira.org\/index.php?rest_route=%2Fwp%2Fv2%2Fcategories&post=3968"},{"taxonomy":"post_tag","embeddable":true,"href":"https:\/\/coro.paroquiabaixadabanheira.org\/index.php?rest_route=%2Fwp%2Fv2%2Ftags&post=3968"}],"curies":[{"name":"wp","href":"https:\/\/api.w.org\/{rel}","templated":true}]}}