{"id":4025,"date":"2022-11-01T23:07:14","date_gmt":"2022-11-01T23:07:14","guid":{"rendered":"http:\/\/coro.paroquiabaixadabanheira.org\/?p=4025"},"modified":"2022-12-04T22:36:47","modified_gmt":"2022-12-04T22:36:47","slug":"peregrinacao-dos-simbolos-da-jornada-mundial-da-juventude","status":"publish","type":"post","link":"https:\/\/coro.paroquiabaixadabanheira.org\/?p=4025","title":{"rendered":"Peregrina\u00e7\u00e3o dos S\u00edmbolos da Jornada Mundial da Juventude"},"content":{"rendered":"<p><b>Diocese de Set\u00fabal de 31 de Outubro a 1 de Dezembro<\/b><\/p>\n<p>&#8220;Durante o m\u00eas de novembro, a Cruz peregrina e o \u00edcone de Nossa Senhora <em>Salus Populi Romani<\/em>, os dois s\u00edmbolos da Jornada Mundial da Juventude (JMJ), v\u00e3o peregrinar pelas sete vigararias da Diocese de Set\u00fabal.<\/p>\n<p><img loading=\"lazy\" decoding=\"async\" class=\"wp-image-4031 alignleft\" src=\"http:\/\/coro.paroquiabaixadabanheira.org\/wp-content\/uploads\/2022\/11\/logo_jmj.png\" alt=\"\" width=\"155\" height=\"155\" srcset=\"https:\/\/coro.paroquiabaixadabanheira.org\/wp-content\/uploads\/2022\/11\/logo_jmj.png 225w, https:\/\/coro.paroquiabaixadabanheira.org\/wp-content\/uploads\/2022\/11\/logo_jmj-150x150.png 150w, https:\/\/coro.paroquiabaixadabanheira.org\/wp-content\/uploads\/2022\/11\/logo_jmj-100x100.png 100w, https:\/\/coro.paroquiabaixadabanheira.org\/wp-content\/uploads\/2022\/11\/logo_jmj-200x200.png 200w\" sizes=\"auto, (max-width: 155px) 100vw, 155px\" \/><\/p>\n<p>A 13\u00aa etapa da peregrina\u00e7\u00e3o nacional dos s\u00edmbolos da JMJ realiza-se na Diocese de Set\u00fabal. Est\u00e1 a ser preparado um itiner\u00e1rio que vai levar a Cruz e o \u00edcone de Maria a todas as vigararias (conjunto de par\u00f3quias) ao encontro dos jovens e menos jovens, nas suas diversas realidades, dentro e fora da Igreja Cat\u00f3lica, proporcionando a todos momentos de ora\u00e7\u00e3o, partilha, comunh\u00e3o e encontro em Igreja.<\/p>\n<p>Do calend\u00e1rio da peregrina\u00e7\u00e3o dos s\u00edmbolos destacam-se grandes momentos diocesanos, como o acolhimento, no dia 31 de outubro \u00e1s 21h na S\u00e9 de Set\u00fabal <a href=\"https:\/\/www.youtube.com\/watch?v=Cftq6vASuWI\">(ver video)<\/a>, e um encontro com os agentes educativo-pastorais, a 17 de novembro \u00e1s 21h15, na igreja de Santa Maria, no Barreiro, a 20 de novembro no Santu\u00e1rio de Cristo Rei, em Almada. A despedida dos dois s\u00edmbolos \u00e9 tamb\u00e9m um momento de uni\u00e3o e de congrega\u00e7\u00e3o de todos os jovens, no dia 1 de dezembro, na vigararia do Seixal.&#8221;&nbsp; <a href=\"https:\/\/diocese-setubal.pt\/2022\/07\/29\/juventude-jmj-diocese-de-setubal-recebe-simbolos-da-jornada-mundial-da-juventude-a-partir-de-31-de-outubro\/\">Ler mais&nbsp;<\/a> &nbsp; &nbsp; &nbsp;<em>in Diocese de Set\u00fabal<\/em><\/p>\n<p><span data-ccp-props=\"{&quot;201341983&quot;:0,&quot;335559739&quot;:160,&quot;335559740&quot;:259}\">&#8220;E<\/span><span data-ccp-props=\"{&quot;201341983&quot;:0,&quot;335559739&quot;:160,&quot;335559740&quot;:259}\">ntre<\/span>&nbsp;<span data-ccp-props=\"{&quot;201341983&quot;:0,&quot;335559739&quot;:160,&quot;335559740&quot;:259}\">1 de&nbsp;<\/span><span data-ccp-props=\"{&quot;201341983&quot;:0,&quot;335559739&quot;:160,&quot;335559740&quot;:259}\">novembro&nbsp;<\/span><span data-ccp-props=\"{&quot;201341983&quot;:0,&quot;335559739&quot;:160,&quot;335559740&quot;:259}\">e o&nbsp;<\/span><span data-ccp-props=\"{&quot;201341983&quot;:0,&quot;335559739&quot;:160,&quot;335559740&quot;:259}\">dia<\/span>&nbsp;<span data-ccp-props=\"{&quot;201341983&quot;:0,&quot;335559739&quot;:160,&quot;335559740&quot;:259}\">1 de dezembro<\/span><span data-ccp-props=\"{&quot;201341983&quot;:0,&quot;335559739&quot;:160,&quot;335559740&quot;:259}\">,<\/span><span data-ccp-props=\"{&quot;201341983&quot;:0,&quot;335559739&quot;:160,&quot;335559740&quot;:259}\">&nbsp;o<\/span><span data-ccp-props=\"{&quot;201341983&quot;:0,&quot;335559739&quot;:160,&quot;335559740&quot;:259}\">s doi<\/span><span data-ccp-props=\"{&quot;201341983&quot;:0,&quot;335559739&quot;:160,&quot;335559740&quot;:259}\">s s\u00edmbolos da JMJ&nbsp;<\/span><span data-ccp-props=\"{&quot;201341983&quot;:0,&quot;335559739&quot;:160,&quot;335559740&quot;:259}\">v\u00e3o percorrer as sete vigararias<\/span> <span data-ccp-props=\"{&quot;201341983&quot;:0,&quot;335559739&quot;:160,&quot;335559740&quot;:259}\">d<\/span><span data-ccp-props=\"{&quot;201341983&quot;:0,&quot;335559739&quot;:160,&quot;335559740&quot;:259}\">a&nbsp;<\/span><span data-ccp-props=\"{&quot;201341983&quot;:0,&quot;335559739&quot;:160,&quot;335559740&quot;:259}\">diocese&nbsp;<\/span><span data-ccp-props=\"{&quot;201341983&quot;:0,&quot;335559739&quot;:160,&quot;335559740&quot;:259}\">sadina:&nbsp;<\/span><span data-ccp-props=\"{&quot;201341983&quot;:0,&quot;335559739&quot;:160,&quot;335559740&quot;:259}\">Se<\/span><span data-ccp-props=\"{&quot;201341983&quot;:0,&quot;335559739&quot;:160,&quot;335559740&quot;:259}\">t\u00fabal (1 a 4 de novembro)<\/span><span data-ccp-props=\"{&quot;201341983&quot;:0,&quot;335559739&quot;:160,&quot;335559740&quot;:259}\">; Palmela-Ses<\/span><span data-ccp-props=\"{&quot;201341983&quot;:0,&quot;335559739&quot;:160,&quot;335559740&quot;:259}\">imbra (5 a 8 de novembro); Mon<\/span><span data-ccp-props=\"{&quot;201341983&quot;:0,&quot;335559739&quot;:160,&quot;335559740&quot;:259}\">tijo (9 a 12 de novembro)<\/span><span data-ccp-props=\"{&quot;201341983&quot;:0,&quot;335559739&quot;:160,&quot;335559740&quot;:259}\">; Barre<\/span><span data-ccp-props=\"{&quot;201341983&quot;:0,&quot;335559739&quot;:160,&quot;335559740&quot;:259}\">iro-Moita (13 a 17 de novembro); Alm<\/span><span data-ccp-props=\"{&quot;201341983&quot;:0,&quot;335559739&quot;:160,&quot;335559740&quot;:259}\">ada (18 a 21 de novembro); Caparic<\/span><span data-ccp-props=\"{&quot;201341983&quot;:0,&quot;335559739&quot;:160,&quot;335559740&quot;:259}\">a (22 a 26 de novembro) e Seixal (27 de novembro a 1 de dezembro<\/span><span data-ccp-props=\"{&quot;201341983&quot;:0,&quot;335559739&quot;:160,&quot;335559740&quot;:259}\">).&#8221;&nbsp; <em>in Agencia Ecclesia<\/em><\/span><\/p>\n<p><strong>Hist\u00f3ria do nascimento da JMJ<\/strong><\/p>\n<p><span data-ccp-props=\"{&quot;201341983&quot;:0,&quot;335559739&quot;:160,&quot;335559740&quot;:259}\">A JMJ nasceu por iniciativa do Papa Jo\u00e3o Paulo II, ap\u00f3s o sucesso do encontro promovido em 1985, em Roma, no Ano Internacional da Juventude, e desde ent\u00e3o tem-se evidenciado como um momento de encontro e partilha para milh\u00f5es de pessoas por todo o mundo; a primeira edi\u00e7\u00e3o aconteceu em 1986, em Roma.<\/span><\/p>\n<p>As edi\u00e7\u00f5es internacionais da JMJ s\u00e3o um acontecimento religioso e cultural que re\u00fane centenas de milhares de jovens de todo o mundo, durante cerca de uma semana.<\/p>\n<p>A cruz da JMJ foi entregue por Jo\u00e3o Paulo II aos jovens em abril de 1984 e marcou o in\u00edcio de uma peregrina\u00e7\u00e3o da juventude de todo o mundo; No ano 2000, o mesmo Papa confiou aos jovens uma c\u00f3pia do \u00edcone de Nossa Senhora \u201cSalus Populi Romani\u201d. &#8220;<span data-ccp-props=\"{&quot;201341983&quot;:0,&quot;335559739&quot;:160,&quot;335559740&quot;:259}\">&nbsp;<em> in Agencia Ecclesia<\/em><\/span><\/p>\n<p><strong>A nossa par\u00f3quia recebe os s\u00edmbolos da JMJ no dia 15 de Novembro \u00e1s 8h30 no largo da Igreja. Est\u00e3o todos convidados a participar no seu acolhimento.<\/strong><\/p>\n<p><a href=\"https:\/\/diocese-setubal.pt\/2022\/10\/21\/juventude-peregrinacao-dos-simbolos-da-jornada-mundial-da-juventude-programa-em-atualizacao\/\">Programa da peregrina\u00e7\u00e3o dos s\u00edmbolo da JMJ na diocese de Set\u00fabal<\/a><\/p>\n","protected":false},"excerpt":{"rendered":"<p>Diocese de Set\u00fabal de 31 de Outubro a 1 de Dezembro &#8220;Durante o m\u00eas de novembro, a Cruz peregrina e o \u00edcone de Nossa Senhora Salus Populi Romani, os dois s\u00edmbolos da Jornada Mundial da Juventude (JMJ), v\u00e3o peregrinar pelas &hellip;<\/p>\n<p class=\"read-more\"> <a class=\"more-link\" href=\"https:\/\/coro.paroquiabaixadabanheira.org\/?p=4025\"> <span class=\"screen-reader-text\">Peregrina\u00e7\u00e3o dos S\u00edmbolos da Jornada Mundial da Juventude<\/span> Read More &raquo;<\/a><\/p>\n","protected":false},"author":3,"featured_media":0,"comment_status":"open","ping_status":"open","sticky":false,"template":"","format":"standard","meta":{"footnotes":""},"categories":[4],"tags":[],"class_list":["post-4025","post","type-post","status-publish","format-standard","hentry","category-noticias"],"_links":{"self":[{"href":"https:\/\/coro.paroquiabaixadabanheira.org\/index.php?rest_route=\/wp\/v2\/posts\/4025","targetHints":{"allow":["GET"]}}],"collection":[{"href":"https:\/\/coro.paroquiabaixadabanheira.org\/index.php?rest_route=\/wp\/v2\/posts"}],"about":[{"href":"https:\/\/coro.paroquiabaixadabanheira.org\/index.php?rest_route=\/wp\/v2\/types\/post"}],"author":[{"embeddable":true,"href":"https:\/\/coro.paroquiabaixadabanheira.org\/index.php?rest_route=\/wp\/v2\/users\/3"}],"replies":[{"embeddable":true,"href":"https:\/\/coro.paroquiabaixadabanheira.org\/index.php?rest_route=%2Fwp%2Fv2%2Fcomments&post=4025"}],"version-history":[{"count":5,"href":"https:\/\/coro.paroquiabaixadabanheira.org\/index.php?rest_route=\/wp\/v2\/posts\/4025\/revisions"}],"predecessor-version":[{"id":4064,"href":"https:\/\/coro.paroquiabaixadabanheira.org\/index.php?rest_route=\/wp\/v2\/posts\/4025\/revisions\/4064"}],"wp:attachment":[{"href":"https:\/\/coro.paroquiabaixadabanheira.org\/index.php?rest_route=%2Fwp%2Fv2%2Fmedia&parent=4025"}],"wp:term":[{"taxonomy":"category","embeddable":true,"href":"https:\/\/coro.paroquiabaixadabanheira.org\/index.php?rest_route=%2Fwp%2Fv2%2Fcategories&post=4025"},{"taxonomy":"post_tag","embeddable":true,"href":"https:\/\/coro.paroquiabaixadabanheira.org\/index.php?rest_route=%2Fwp%2Fv2%2Ftags&post=4025"}],"curies":[{"name":"wp","href":"https:\/\/api.w.org\/{rel}","templated":true}]}}