{"id":4034,"date":"2022-11-03T00:24:14","date_gmt":"2022-11-03T00:24:14","guid":{"rendered":"http:\/\/coro.paroquiabaixadabanheira.org\/?p=4034"},"modified":"2022-11-10T00:07:53","modified_gmt":"2022-11-10T00:07:53","slug":"domingo-xxxii-do-tempo-comum-11","status":"publish","type":"post","link":"https:\/\/coro.paroquiabaixadabanheira.org\/?p=4034","title":{"rendered":"Domingo XXXII do Tempo Comum &#8211; Encerramento da Semana dos Semin\u00e1rios"},"content":{"rendered":"<p>&#8220;N\u00e3o te envergonhes de dar testemunho de Cristo\u2019 (2Tim 1,8) \u00e9 o tema da Semana dos Semin\u00e1rios 2022, que se vai realizar de 30 de outubro a 6 de novembro.<\/p>\n<p>Com esta semana especial no calend\u00e1rio cat\u00f3lico, o respons\u00e1vel cat\u00f3lico explica que a Igreja pretende \u201capelar aos mais jovens\u201d para que sejam \u201ctestemunhas alegres e corajosas de Jesus Cristo e do seu Evangelho\u201d, citando o Papa Francisco na Exorta\u00e7\u00e3o Apost\u00f3lica P\u00f3s-Sinodal, Cristo Vive.<\/p>\n<p>A Confer\u00eancia Episcopal Portuguesa pede aos crist\u00e3os que, na sua ora\u00e7\u00e3o pessoal, familiar ou comunit\u00e1ria, \u201crezem de forma mais intensa pelos seus Semin\u00e1rios\u201d. <a href=\"https:\/\/agencia.ecclesia.pt\/portal\/events\/portugal-igreja-catolica-celebra-semana-de-oracao-pelos-seminarios\/\">Ler mais&#8230;\u00a0<\/a>\u00a0 \u00a0 <em>in Agencia Eclesia<\/em><\/p>\n<p><a href=\"https:\/\/www.dropbox.com\/s\/fj49x9xq65ycfhh\/seminarios2022-mensagem.pdf?dl=0\">Mensagem para a semana dos Semin\u00e1rios<\/a><\/p>\n<p><a href=\"https:\/\/www.dropbox.com\/s\/muutkmtan8g9ga8\/seminarios2022-postal-verso.pdf?dl=0\">Ora\u00e7\u00e3o pelos Semin\u00e1rios e Seminaristas<\/a><\/p>\n<p><a href=\"http:\/\/www.smspaulo.diocese-setubal.pt\/\">Semin\u00e1rio Diocesano de Set\u00fabal<\/a><\/p>\n<p><strong>C\u00e2nticos para o Domingo XXXII do Tempo Comum \u2013 Ano C<\/strong>\u00a0(<a href=\"https:\/\/www.liturgia.pt\/liturgiadiaria\/dia.php?data=2022-11-6\">Liturgia<\/a>)<\/p>\n<ul>\n<li>Entrada: <a href=\"http:\/\/coro.paroquiabaixadabanheira.org\/reportorio\/entrada\/chegue.ate.vos.senhor.pdf\">Chegue at\u00e9 V\u00f3s Senhor<\/a><\/li>\n<li>Acto Penitencial:\u00a0<a href=\"http:\/\/coro.paroquiabaixadabanheira.org\/reportorio\/penitencial\/senhor.tende.piedade.3.pdf\">Senhor Tende Piedade (M. Alentejana)<\/a><\/li>\n<li>Salmo: 16 <em>(17)<\/em>\u00a0<a href=\"https:\/\/www.liturgia.pt\/multimedia\/mp3\/SalmosResponsoriais\/163_TC_C_31Dom-LouvareiParaSempre.mp3\"><em>\u201d <\/em><\/a><em><a href=\"https:\/\/www.liturgia.pt\/multimedia\/mp3\/SalmosResponsoriais\/164_TC_C_32Dom-SenhorFicareiSaciado.mp3\">Senhor, ficarei saciado, quando surgir a vossa gl\u00f3ria\u201d<\/a><\/em><\/li>\n<li>Aclama\u00e7\u00e3o ao Evangelho:\u00a0<a href=\"http:\/\/coro.paroquiabaixadabanheira.org\/reportorio\/aclama\/aleluia.joao.santos.pdf\">Aleluia\u00a0(Jo\u00e3o Santos)<\/a>\u00a0<strong>\u201cJesus Cristo \u00e9 o Primog\u00e9nito dos mortos. A Ele a gl\u00f3ria e o poder pelos s\u00e9culos dos s\u00e9culos.\u201d<\/strong><\/li>\n<li>Apresenta\u00e7\u00e3o dos Dons: <a href=\"http:\/\/coro.paroquiabaixadabanheira.org\/reportorio\/quaresma\/eu.sou.a.ressurreicao.e.a.vida.jan.pdf\">Eu sou a ressurrei\u00e7\u00e3o e a vida<\/a><\/li>\n<li>Santo:\u00a0<a href=\"http:\/\/coro.paroquiabaixadabanheira.org\/reportorio\/santo\/santo.cartageno.pdf\">Santo cartageno<\/a><\/li>\n<li>Frac\u00e7\u00e3o do P\u00e3o: <a href=\"http:\/\/coro.paroquiabaixadabanheira.org\/reportorio\/cordeiro\/cordeiro.de.deus.azevedo.pdf\">Cordeiro (Azevedo Oliveira)<\/a><\/li>\n<li>Comunh\u00e3o:\u00a0<a href=\"http:\/\/coro.paroquiabaixadabanheira.org\/reportorio\/comunhao\/os.justos.viverao.eternamente.m.faria.pdf\">Os justos viver\u00e3o eternamente<\/a><\/li>\n<li>Ac\u00e7\u00e3o de Gra\u00e7as:\u00a0<a href=\"http:\/\/coro.paroquiabaixadabanheira.org\/reportorio\/ofertorio\/vamos.confiantes.pdf\">Vamos confiantes ao trono<\/a> ou <a href=\"http:\/\/coro.paroquiabaixadabanheira.org\/reportorio\/quaresma\/templo.de.deus.e.santo.pdf\">O Templo de Deus \u00e9 Santo<\/a><\/li>\n<li>Final: <a href=\"http:\/\/coro.paroquiabaixadabanheira.org\/reportorio\/final\/povo.teu.somos.pdf\">Povo teu somos<\/a><\/li>\n<\/ul>\n<p>Trazer:<\/p>\n<ul>\n<li><a href=\"http:\/\/coro.paroquiabaixadabanheira.org\/reportorio\/final\/proclamai.entre.as.nacoes.a.cartageno.pdf\">Proclamai entre as na\u00e7\u00f5es<\/a><\/li>\n<li><a href=\"http:\/\/coro.paroquiabaixadabanheira.org\/reportorio\/final\/cantarei.ao.senhor.fernades.da.silva.pdf\">Cantarei ao Senhor (Fernandes Silva)<\/a><\/li>\n<\/ul>\n","protected":false},"excerpt":{"rendered":"<p>&#8220;N\u00e3o te envergonhes de dar testemunho de Cristo\u2019 (2Tim 1,8) \u00e9 o tema da Semana dos Semin\u00e1rios 2022, que se vai realizar de 30 de outubro a 6 de novembro. Com esta semana especial no calend\u00e1rio cat\u00f3lico, o respons\u00e1vel cat\u00f3lico &hellip;<\/p>\n<p class=\"read-more\"> <a class=\"more-link\" href=\"https:\/\/coro.paroquiabaixadabanheira.org\/?p=4034\"> <span class=\"screen-reader-text\">Domingo XXXII do Tempo Comum &#8211; Encerramento da Semana dos Semin\u00e1rios<\/span> Read More &raquo;<\/a><\/p>\n","protected":false},"author":3,"featured_media":0,"comment_status":"open","ping_status":"open","sticky":false,"template":"","format":"standard","meta":{"footnotes":""},"categories":[1],"tags":[],"class_list":["post-4034","post","type-post","status-publish","format-standard","hentry","category-uncategorized"],"_links":{"self":[{"href":"https:\/\/coro.paroquiabaixadabanheira.org\/index.php?rest_route=\/wp\/v2\/posts\/4034","targetHints":{"allow":["GET"]}}],"collection":[{"href":"https:\/\/coro.paroquiabaixadabanheira.org\/index.php?rest_route=\/wp\/v2\/posts"}],"about":[{"href":"https:\/\/coro.paroquiabaixadabanheira.org\/index.php?rest_route=\/wp\/v2\/types\/post"}],"author":[{"embeddable":true,"href":"https:\/\/coro.paroquiabaixadabanheira.org\/index.php?rest_route=\/wp\/v2\/users\/3"}],"replies":[{"embeddable":true,"href":"https:\/\/coro.paroquiabaixadabanheira.org\/index.php?rest_route=%2Fwp%2Fv2%2Fcomments&post=4034"}],"version-history":[{"count":6,"href":"https:\/\/coro.paroquiabaixadabanheira.org\/index.php?rest_route=\/wp\/v2\/posts\/4034\/revisions"}],"predecessor-version":[{"id":4047,"href":"https:\/\/coro.paroquiabaixadabanheira.org\/index.php?rest_route=\/wp\/v2\/posts\/4034\/revisions\/4047"}],"wp:attachment":[{"href":"https:\/\/coro.paroquiabaixadabanheira.org\/index.php?rest_route=%2Fwp%2Fv2%2Fmedia&parent=4034"}],"wp:term":[{"taxonomy":"category","embeddable":true,"href":"https:\/\/coro.paroquiabaixadabanheira.org\/index.php?rest_route=%2Fwp%2Fv2%2Fcategories&post=4034"},{"taxonomy":"post_tag","embeddable":true,"href":"https:\/\/coro.paroquiabaixadabanheira.org\/index.php?rest_route=%2Fwp%2Fv2%2Ftags&post=4034"}],"curies":[{"name":"wp","href":"https:\/\/api.w.org\/{rel}","templated":true}]}}