{"id":4040,"date":"2022-11-09T23:44:23","date_gmt":"2022-11-09T23:44:23","guid":{"rendered":"http:\/\/coro.paroquiabaixadabanheira.org\/?p=4040"},"modified":"2022-11-10T18:10:41","modified_gmt":"2022-11-10T18:10:41","slug":"domingo-xxxiii-do-tempo-comum-dia-mundial-dos-pobres-3","status":"publish","type":"post","link":"https:\/\/coro.paroquiabaixadabanheira.org\/?p=4040","title":{"rendered":"Domingo XXXIII do Tempo Comum \u2013 Dia Mundial dos Pobres"},"content":{"rendered":"<p>&#8221; O Dia Mundial dos Pobres ser\u00e1 celebrado neste domingo, 13 de Novembro, pen\u00faltimo domingo do ano lit\u00fargico, com o tema \u2018Jesus Cristo fez-Se pobre por v\u00f3s\u2019 (cf. 2 Cor 8, 9).<\/p>\n<p>A pr\u00f3pria mensagem do Papa para o VI Dia Mundial dos Pobres foi divulgada em junho, quando voltou a condenar a guerra na Ucr\u00e2nia e a sua &#8220;insensatez&#8221; com uma &#8220;&#8216;superpot\u00eancia&#8217; que pretende impor a sua vontade contra o princ\u00edpio da autodetermina\u00e7\u00e3o dos povos&#8217;, gerando novas formas de pobreza e afetando \u201cas pessoas indefesas e fr\u00e1geis\u201d. Francisco ainda fez um apelo para que, &#8220;diante dos pobres, n\u00e3o serve ret\u00f3rica, mas arrega\u00e7ar as mangas&#8221;, com uma advert\u00eancia contra o dinheiro que n\u00e3o pode se tornar &#8220;um absoluto&#8221;, porque &#8220;ofusca o olhar&#8221;. &#8221;\u00a0 \u00a0<em>in Vatican News<\/em><\/p>\n<p><a href=\"https:\/\/www.vatican.va\/content\/francesco\/pt\/messages\/poveri\/documents\/20220613-messaggio-vi-giornatamondiale-poveri-2022.html\">Mensagem completa do Papa Francisco para o VI dia Mundial dos Pobres<\/a><\/p>\n<p><a href=\"https:\/\/agencia.ecclesia.pt\/portal\/dia-mundial-dos-pobres-papa-alerta-para-impacto-global-da-guerra-na-ucrania\/\">Resumo da Mensagem do Papa Francisco para o VI dia Mundial dos Pobres<\/a><\/p>\n<p><strong>\u00a0<\/strong><strong>C\u00e2nticos para o Domingo XXXIII do Tempo Comum \u2013 Ano C<\/strong>\u00a0(<a href=\"https:\/\/www.liturgia.pt\/liturgiadiaria\/dia.php?data=2022-11-13\">Liturgia<\/a>)<\/p>\n<ul>\n<li>Entrada: <a href=\"http:\/\/coro.paroquiabaixadabanheira.org\/reportorio\/entrada\/escutai.senhor.a.prece.pdf\">Escutai, Senhor, a prece<\/a><\/li>\n<li>Acto Penitencial: <a href=\"http:\/\/coro.paroquiabaixadabanheira.org\/reportorio\/entrada\/senhor.quem.entrara.pdf\">Senhor, quem entrar\u00e1<\/a><\/li>\n<li>Salmo: 97 <em>(98)<\/em>\u00a0<a href=\"https:\/\/www.liturgia.pt\/multimedia\/mp3\/SalmosResponsoriais\/165_TC_C_33Dom-OSenhorVira.mp3\"><em>\u201d O Senhor vir\u00e1 governar com justi\u00e7a<\/em><\/a><em><a href=\"https:\/\/www.liturgia.pt\/multimedia\/mp3\/SalmosResponsoriais\/164_TC_C_32Dom-SenhorFicareiSaciado.mp3\">\u201d<\/a><\/em><\/li>\n<li>Aclama\u00e7\u00e3o ao Evangelho:\u00a0<a href=\"http:\/\/coro.paroquiabaixadabanheira.org\/reportorio\/aclama\/aleluia.joao.santos.pdf\">Aleluia\u00a0(Jo\u00e3o Santos)<\/a>\u00a0<strong>\u201cErguei-vos e levantai a cabe\u00e7a,<br \/>\nporque a vossa liberta\u00e7\u00e3o est\u00e1 pr\u00f3xima.\u201d<\/strong><\/li>\n<li>Apresenta\u00e7\u00e3o dos Dons: <a href=\"http:\/\/coro.paroquiabaixadabanheira.org\/reportorio\/final\/em.todo.tempo.lugar.pdf\">Em todo o tempo e lugar eu bendirei<\/a><\/li>\n<li>Santo:\u00a0<a href=\"http:\/\/coro.paroquiabaixadabanheira.org\/reportorio\/santo\/santo.cartageno.pdf\">Santo cartageno<\/a><\/li>\n<li>Frac\u00e7\u00e3o do P\u00e3o:\u00a0<a href=\"http:\/\/coro.paroquiabaixadabanheira.org\/reportorio\/cordeiro\/cordeiro.de.deus.azevedo.pdf\">Cordeiro (Azevedo Oliveira)<\/a><\/li>\n<li>Comunh\u00e3o: <a href=\"http:\/\/coro.paroquiabaixadabanheira.org\/reportorio\/gracas\/eu.estou.sempre.convosco.pdf\">Eu estou sempre convosco<\/a> ou <a href=\"http:\/\/coro.paroquiabaixadabanheira.org\/reportorio\/ofertorio\/em.vos.senhor.esta.a.fonte.pdf\">Em v\u00f3s Senhor esta a fonte<\/a><\/li>\n<li>Ac\u00e7\u00e3o de Gra\u00e7as: <a href=\"http:\/\/coro.paroquiabaixadabanheira.org\/reportorio\/gracas\/aproximai.vos.dos.pobres.pdf\">Aproximai-vos dos pobres<\/a><\/li>\n<li>Final: <a href=\"http:\/\/coro.paroquiabaixadabanheira.org\/reportorio\/final\/exulta.de.alegria.pdf\">Exulta de alegria no Senhor<\/a><\/li>\n<\/ul>\n<p>Trazer:<\/p>\n<ul>\n<li><a href=\"http:\/\/coro.paroquiabaixadabanheira.org\/reportorio\/entrada\/cordeiro.que.foi.imolado.pdf\">O cordeiro que foi imolado (Gl\u00f3ria ao Senhor)<\/a><\/li>\n<li><a href=\"http:\/\/coro.paroquiabaixadabanheira.org\/reportorio\/final\/proclamai.entre.as.nacoes.a.cartageno.pdf\">Proclamai entre as na\u00e7\u00f5es<\/a><\/li>\n<li><a href=\"http:\/\/coro.paroquiabaixadabanheira.org\/reportorio\/final\/cantarei.ao.senhor.fernades.da.silva.pdf\">Cantarei ao Senhor (Fernandes Silva)<\/a><\/li>\n<\/ul>\n","protected":false},"excerpt":{"rendered":"<p>&#8221; O Dia Mundial dos Pobres ser\u00e1 celebrado neste domingo, 13 de Novembro, pen\u00faltimo domingo do ano lit\u00fargico, com o tema \u2018Jesus Cristo fez-Se pobre por v\u00f3s\u2019 (cf. 2 Cor 8, 9). A pr\u00f3pria mensagem do Papa para o VI &hellip;<\/p>\n<p class=\"read-more\"> <a class=\"more-link\" href=\"https:\/\/coro.paroquiabaixadabanheira.org\/?p=4040\"> <span class=\"screen-reader-text\">Domingo XXXIII do Tempo Comum \u2013 Dia Mundial dos Pobres<\/span> Read More &raquo;<\/a><\/p>\n","protected":false},"author":3,"featured_media":0,"comment_status":"open","ping_status":"open","sticky":false,"template":"","format":"standard","meta":{"footnotes":""},"categories":[1],"tags":[],"class_list":["post-4040","post","type-post","status-publish","format-standard","hentry","category-uncategorized"],"_links":{"self":[{"href":"https:\/\/coro.paroquiabaixadabanheira.org\/index.php?rest_route=\/wp\/v2\/posts\/4040","targetHints":{"allow":["GET"]}}],"collection":[{"href":"https:\/\/coro.paroquiabaixadabanheira.org\/index.php?rest_route=\/wp\/v2\/posts"}],"about":[{"href":"https:\/\/coro.paroquiabaixadabanheira.org\/index.php?rest_route=\/wp\/v2\/types\/post"}],"author":[{"embeddable":true,"href":"https:\/\/coro.paroquiabaixadabanheira.org\/index.php?rest_route=\/wp\/v2\/users\/3"}],"replies":[{"embeddable":true,"href":"https:\/\/coro.paroquiabaixadabanheira.org\/index.php?rest_route=%2Fwp%2Fv2%2Fcomments&post=4040"}],"version-history":[{"count":5,"href":"https:\/\/coro.paroquiabaixadabanheira.org\/index.php?rest_route=\/wp\/v2\/posts\/4040\/revisions"}],"predecessor-version":[{"id":4048,"href":"https:\/\/coro.paroquiabaixadabanheira.org\/index.php?rest_route=\/wp\/v2\/posts\/4040\/revisions\/4048"}],"wp:attachment":[{"href":"https:\/\/coro.paroquiabaixadabanheira.org\/index.php?rest_route=%2Fwp%2Fv2%2Fmedia&parent=4040"}],"wp:term":[{"taxonomy":"category","embeddable":true,"href":"https:\/\/coro.paroquiabaixadabanheira.org\/index.php?rest_route=%2Fwp%2Fv2%2Fcategories&post=4040"},{"taxonomy":"post_tag","embeddable":true,"href":"https:\/\/coro.paroquiabaixadabanheira.org\/index.php?rest_route=%2Fwp%2Fv2%2Ftags&post=4040"}],"curies":[{"name":"wp","href":"https:\/\/api.w.org\/{rel}","templated":true}]}}