{"id":4049,"date":"2022-11-16T23:56:42","date_gmt":"2022-11-16T23:56:42","guid":{"rendered":"http:\/\/coro.paroquiabaixadabanheira.org\/?p=4049"},"modified":"2022-11-16T23:56:43","modified_gmt":"2022-11-16T23:56:43","slug":"domingo-xxxiv-do-tempo-comum-solenidade-de-nosso-senhor-jesus-cristo-rei-do-universo-5","status":"publish","type":"post","link":"https:\/\/coro.paroquiabaixadabanheira.org\/?p=4049","title":{"rendered":"Domingo XXXIV do Tempo Comum-Solenidade de Nosso Senhor Jesus Cristo, Rei do Universo"},"content":{"rendered":"<p><strong>C\u00e2nticos para o Domingo XXXIV do Tempo Comum \u2013 Ano C<\/strong>\u00a0(<a href=\"https:\/\/www.liturgia.pt\/liturgiadiaria\/dia.php?data=2022-11-20\">Liturgia<\/a>)<\/p>\n<ul>\n<li>Entrada:\u00a0<a href=\"http:\/\/coro.paroquiabaixadabanheira.org\/reportorio\/entrada\/eis.aquele.que.reina.pdf\">Eis aquele que reina<\/a><\/li>\n<li>Acto Penitencial: <a href=\"http:\/\/coro.paroquiabaixadabanheira.org\/reportorio\/penitencial\/senhor.tende.piedade.3.pdf\">Senhor Tende Piedade (M. Alentejana)<\/a><\/li>\n<li>Gl\u00f3ria: <a href=\"http:\/\/coro.paroquiabaixadabanheira.org\/reportorio\/gloria\/gloria.2.vozes.pdf\">Gloria 2 Vozes<\/a><\/li>\n<li>Salmo: 121<em>(122) <a href=\"https:\/\/www.liturgia.pt\/multimedia\/mp3\/SalmosResponsoriais\/166_TC_C_34Dom-IremosComAlegria.mp3\">\u201dIremos\u00a0com alegria para a casa do Senhor\u201d<\/a><\/em><\/li>\n<li>Aclama\u00e7\u00e3o ao Evangelho: <a href=\"http:\/\/coro.paroquiabaixadabanheira.org\/reportorio\/aclama\/aleluia.joao.santos.pdf\">Aleluia\u00a0(Jo\u00e3o Santos)<\/a>\u00a0<strong>\u201cBendito O que vem em nome do Senhor! Bendito o reino do nosso pai David!\u00a0.\u201d<\/strong><\/li>\n<li>Ora\u00e7\u00e3o dos Fi\u00e9is:\u00a0<a href=\"http:\/\/coro.paroquiabaixadabanheira.org\/reportorio\/aclamacao\/oracao.universal.pdf\">Respostas<\/a>\u00a0(17)<\/li>\n<li>Apresenta\u00e7\u00e3o dos Dons:\u00a0<a href=\"http:\/\/coro.paroquiabaixadabanheira.org\/reportorio\/ofertorio\/jesus.rei.admiravel.pdf\">Jesus, Rei Admir\u00e1vel<\/a><\/li>\n<li>Santo: <a href=\"http:\/\/coro.paroquiabaixadabanheira.org\/reportorio\/santo\/santo.cartageno.pdf\">Santo cartageno<\/a><\/li>\n<li>Fra\u00e7\u00e3o do P\u00e3o: <a href=\"http:\/\/coro.paroquiabaixadabanheira.org\/reportorio\/cordeiro\/cordeiro.de.deus.azevedo.pdf\">Cordeiro (Azevedo Oliveira)<\/a><\/li>\n<li>Comunh\u00e3o:\u00a0<a href=\"http:\/\/coro.paroquiabaixadabanheira.org\/reportorio\/entrada\/cordeiro.que.foi.imolado.pdf\">O cordeiro que foi imolado (Gl\u00f3ria ao Senhor)<\/a><\/li>\n<li>Ac\u00e7\u00e3o de Gra\u00e7as:\u00a0<a href=\"http:\/\/coro.paroquiabaixadabanheira.org\/reportorio\/gracas\/cristo.filho.unigenito.do.pai.jan.pdf\">Cristo filho unig\u00e9nito do pai<\/a><\/li>\n<li>Final:\u00a0<a href=\"http:\/\/coro.paroquiabaixadabanheira.org\/reportorio\/final\/cristo.vence.pdf\">Cristo Vence<\/a><\/li>\n<\/ul>\n<p>Trazer<\/p>\n<ul>\n<li><a href=\"http:\/\/coro.paroquiabaixadabanheira.org\/reportorio\/advento\/maria.fonte.de.esperanca.pdf\">Maria fonte da esperan\u00e7a<\/a><\/li>\n<li><a href=\"http:\/\/coro.paroquiabaixadabanheira.org\/reportorio\/advento\/ave.senhora.do.advento.pdf\">Av\u00e9, Senhora do Advento<\/a><\/li>\n<li><a href=\"http:\/\/coro.paroquiabaixadabanheira.org\/reportorio\/advento\/aleluia.advento.bruno.ferreira.pdf\">Aleluia (Advento)<\/a><\/li>\n<\/ul>\n","protected":false},"excerpt":{"rendered":"<p>C\u00e2nticos para o Domingo XXXIV do Tempo Comum \u2013 Ano C\u00a0(Liturgia) Entrada:\u00a0Eis aquele que reina Acto Penitencial: Senhor Tende Piedade (M. Alentejana) Gl\u00f3ria: Gloria 2 Vozes Salmo: 121(122) \u201dIremos\u00a0com alegria para a casa do Senhor\u201d Aclama\u00e7\u00e3o ao Evangelho: Aleluia\u00a0(Jo\u00e3o Santos)\u00a0\u201cBendito &hellip;<\/p>\n<p class=\"read-more\"> <a class=\"more-link\" href=\"https:\/\/coro.paroquiabaixadabanheira.org\/?p=4049\"> <span class=\"screen-reader-text\">Domingo XXXIV do Tempo Comum-Solenidade de Nosso Senhor Jesus Cristo, Rei do Universo<\/span> Read More &raquo;<\/a><\/p>\n","protected":false},"author":3,"featured_media":0,"comment_status":"open","ping_status":"open","sticky":false,"template":"","format":"standard","meta":{"footnotes":""},"categories":[1],"tags":[],"class_list":["post-4049","post","type-post","status-publish","format-standard","hentry","category-uncategorized"],"_links":{"self":[{"href":"https:\/\/coro.paroquiabaixadabanheira.org\/index.php?rest_route=\/wp\/v2\/posts\/4049","targetHints":{"allow":["GET"]}}],"collection":[{"href":"https:\/\/coro.paroquiabaixadabanheira.org\/index.php?rest_route=\/wp\/v2\/posts"}],"about":[{"href":"https:\/\/coro.paroquiabaixadabanheira.org\/index.php?rest_route=\/wp\/v2\/types\/post"}],"author":[{"embeddable":true,"href":"https:\/\/coro.paroquiabaixadabanheira.org\/index.php?rest_route=\/wp\/v2\/users\/3"}],"replies":[{"embeddable":true,"href":"https:\/\/coro.paroquiabaixadabanheira.org\/index.php?rest_route=%2Fwp%2Fv2%2Fcomments&post=4049"}],"version-history":[{"count":2,"href":"https:\/\/coro.paroquiabaixadabanheira.org\/index.php?rest_route=\/wp\/v2\/posts\/4049\/revisions"}],"predecessor-version":[{"id":4051,"href":"https:\/\/coro.paroquiabaixadabanheira.org\/index.php?rest_route=\/wp\/v2\/posts\/4049\/revisions\/4051"}],"wp:attachment":[{"href":"https:\/\/coro.paroquiabaixadabanheira.org\/index.php?rest_route=%2Fwp%2Fv2%2Fmedia&parent=4049"}],"wp:term":[{"taxonomy":"category","embeddable":true,"href":"https:\/\/coro.paroquiabaixadabanheira.org\/index.php?rest_route=%2Fwp%2Fv2%2Fcategories&post=4049"},{"taxonomy":"post_tag","embeddable":true,"href":"https:\/\/coro.paroquiabaixadabanheira.org\/index.php?rest_route=%2Fwp%2Fv2%2Ftags&post=4049"}],"curies":[{"name":"wp","href":"https:\/\/api.w.org\/{rel}","templated":true}]}}