{"id":4053,"date":"2022-11-24T00:32:51","date_gmt":"2022-11-24T00:32:51","guid":{"rendered":"http:\/\/coro.paroquiabaixadabanheira.org\/?p=4053"},"modified":"2022-11-24T00:34:29","modified_gmt":"2022-11-24T00:34:29","slug":"domingo-i-do-advento-ano-a-3","status":"publish","type":"post","link":"https:\/\/coro.paroquiabaixadabanheira.org\/?p=4053","title":{"rendered":"Domingo I do Advento (Ano A)"},"content":{"rendered":"<p>Come\u00e7a no pr\u00f3ximo domingo, (mais precisamente nas missas vespertinas de s\u00e1bado) o Advento, o tempo forte do ano lit\u00fargico que prepara o Natal. O primeiro domingo do Advento abre o novo ano lit\u00fargico \u2013 Ano A, em que predomina o Evangelho de S. Mateus.<\/p>\n<p>&#8221; A vigil\u00e2ncia n\u00e3o \u00e9 uma virtude desconhecida dos m\u00fasicos. A primeira coisa que faz um maestro antes de come\u00e7ar uma pe\u00e7a musical \u00e9 a de assegurar-se da aten\u00e7\u00e3o de todos os m\u00fasicos. Ao longo da pe\u00e7a, todos devem estar atentos e vigilantes para n\u00e3o hesitarem nas suas entradas. Essa vigil\u00e2ncia \u00e9 tanto mais exig\u00edvel quando um naipe for constitu\u00eddo por mais de um m\u00fasico; n\u00e3o aconte\u00e7a que um seja tomado e outro deixado.&#8221; <em>In Arquidiocese de Braga<\/em><\/p>\n<p><strong>C\u00e2nticos para o I Domingo do Advento \u2013 Ano A <\/strong>\u00a0(<a href=\"https:\/\/www.liturgia.pt\/liturgiadiaria\/dia.php?data=2022-11-27\">Liturgia<\/a>)<\/p>\n<ul>\n<li>Entrada: <a href=\"http:\/\/coro.paroquiabaixadabanheira.org\/reportorio\/advento\/veni.emmanuel.marco.duarte.pdf\">Veni Emmanuel<\/a><\/li>\n<li>Acto Penitencial: <a href=\"http:\/\/coro.paroquiabaixadabanheira.org\/reportorio\/penitencial\/kyrie.10.pdf\">kyrie 10<\/a><\/li>\n<li>Coroa do Advento: <a href=\"http:\/\/coro.paroquiabaixadabanheira.org\/reportorio\/advento\/vinde.vinde.jesus.pdf\">Vinde! Vinde, jesus!<\/a><\/li>\n<li>Salmo: 121<em>(122) <a href=\"https:\/\/www.liturgia.pt\/multimedia\/mp3\/SalmosResponsoriais\/001_Adv01AIDom-QueAlegria.mp3\">\u201dQue Alegria quando me disseram:Vamos para a casa do senhor\u201d<\/a><\/em><\/li>\n<li>Aclama\u00e7\u00e3o ao Evangelho: <a href=\"http:\/\/coro.paroquiabaixadabanheira.org\/reportorio\/advento\/aleluia.advento.bruno.ferreira.pdf\">Aleluia (Advento)<\/a><\/li>\n<li>Apresenta\u00e7\u00e3o dos Dons: <a href=\"http:\/\/coro.paroquiabaixadabanheira.org\/reportorio\/advento\/estai.preparados.pdf\">Estai Preparados<\/a><\/li>\n<li>Santo: <a href=\"http:\/\/coro.paroquiabaixadabanheira.org\/reportorio\/santo\/santo.f.silva.pdf\">Santo (F. Silva)<\/a><\/li>\n<li>Fra\u00e7\u00e3o do P\u00e3o: <a href=\"http:\/\/coro.paroquiabaixadabanheira.org\/reportorio\/cordeiro\/cordeiro.olindo.marques.pdf\">Cordeiro\u00a0(Olindo Marques)<\/a><\/li>\n<li>Comunh\u00e3o: <a href=\"http:\/\/coro.paroquiabaixadabanheira.org\/reportorio\/advento\/o.senhor.nos.dara.a.felicidade.pdf\">O Senhor nos dar\u00e1 a felicidade<\/a><\/li>\n<li>Ac\u00e7\u00e3o de Gra\u00e7as:\u00a0<a href=\"http:\/\/coro.paroquiabaixadabanheira.org\/reportorio\/advento\/ave.senhora.do.advento.pdf\">Av\u00e9, Senhora do Advento<\/a><\/li>\n<li>Final: <a href=\"http:\/\/coro.paroquiabaixadabanheira.org\/reportorio\/advento\/no.fim.dos.tempos.pdf\">No fim dos tempos<\/a><\/li>\n<\/ul>\n<p>Trazer<\/p>\n<ul>\n<li><a href=\"http:\/\/coro.paroquiabaixadabanheira.org\/reportorio\/advento\/maria.fonte.de.esperanca.pdf\">Maria fonte da esperan\u00e7a<\/a><\/li>\n<li><a href=\"http:\/\/coro.paroquiabaixadabanheira.org\/reportorio\/maria\/exulto.de.alegria.no.senhor.pdf\">Exulto de Alegria no Senhor<\/a><\/li>\n<li><a href=\"http:\/\/coro.paroquiabaixadabanheira.org\/reportorio\/advento\/e.celebrada.a.vossa.gloria.pdf\">\u00c9 celebrada a vossa gl\u00f3ria<\/a><\/li>\n<\/ul>\n","protected":false},"excerpt":{"rendered":"<p>Come\u00e7a no pr\u00f3ximo domingo, (mais precisamente nas missas vespertinas de s\u00e1bado) o Advento, o tempo forte do ano lit\u00fargico que prepara o Natal. O primeiro domingo do Advento abre o novo ano lit\u00fargico \u2013 Ano A, em que predomina o &hellip;<\/p>\n<p class=\"read-more\"> <a class=\"more-link\" href=\"https:\/\/coro.paroquiabaixadabanheira.org\/?p=4053\"> <span class=\"screen-reader-text\">Domingo I do Advento (Ano A)<\/span> Read More &raquo;<\/a><\/p>\n","protected":false},"author":3,"featured_media":0,"comment_status":"open","ping_status":"open","sticky":false,"template":"","format":"standard","meta":{"footnotes":""},"categories":[1],"tags":[],"class_list":["post-4053","post","type-post","status-publish","format-standard","hentry","category-uncategorized"],"_links":{"self":[{"href":"https:\/\/coro.paroquiabaixadabanheira.org\/index.php?rest_route=\/wp\/v2\/posts\/4053","targetHints":{"allow":["GET"]}}],"collection":[{"href":"https:\/\/coro.paroquiabaixadabanheira.org\/index.php?rest_route=\/wp\/v2\/posts"}],"about":[{"href":"https:\/\/coro.paroquiabaixadabanheira.org\/index.php?rest_route=\/wp\/v2\/types\/post"}],"author":[{"embeddable":true,"href":"https:\/\/coro.paroquiabaixadabanheira.org\/index.php?rest_route=\/wp\/v2\/users\/3"}],"replies":[{"embeddable":true,"href":"https:\/\/coro.paroquiabaixadabanheira.org\/index.php?rest_route=%2Fwp%2Fv2%2Fcomments&post=4053"}],"version-history":[{"count":3,"href":"https:\/\/coro.paroquiabaixadabanheira.org\/index.php?rest_route=\/wp\/v2\/posts\/4053\/revisions"}],"predecessor-version":[{"id":4056,"href":"https:\/\/coro.paroquiabaixadabanheira.org\/index.php?rest_route=\/wp\/v2\/posts\/4053\/revisions\/4056"}],"wp:attachment":[{"href":"https:\/\/coro.paroquiabaixadabanheira.org\/index.php?rest_route=%2Fwp%2Fv2%2Fmedia&parent=4053"}],"wp:term":[{"taxonomy":"category","embeddable":true,"href":"https:\/\/coro.paroquiabaixadabanheira.org\/index.php?rest_route=%2Fwp%2Fv2%2Fcategories&post=4053"},{"taxonomy":"post_tag","embeddable":true,"href":"https:\/\/coro.paroquiabaixadabanheira.org\/index.php?rest_route=%2Fwp%2Fv2%2Ftags&post=4053"}],"curies":[{"name":"wp","href":"https:\/\/api.w.org\/{rel}","templated":true}]}}