{"id":4088,"date":"2022-12-28T18:37:52","date_gmt":"2022-12-28T18:37:52","guid":{"rendered":"http:\/\/coro.paroquiabaixadabanheira.org\/?p=4088"},"modified":"2022-12-28T18:41:27","modified_gmt":"2022-12-28T18:41:27","slug":"solenidade-de-santa-maria-mae-de-deus-dia-mundial-da-paz-7","status":"publish","type":"post","link":"https:\/\/coro.paroquiabaixadabanheira.org\/?p=4088","title":{"rendered":"Solenidade de Santa Maria M\u00e3e de Deus (Dia Mundial da Paz)"},"content":{"rendered":"<p>&#8220;Na mensagem para o Dia Mundial da Paz de 2023, o Papa faz um convite a refletir sobre as li\u00e7\u00f5es deixadas pela pandemia e pela guerra na Ucr\u00e2nia e indica o caminho para a paz: &#8220;\u00c9 juntos, na fraternidade e solidariedade, que constru\u00edmos a paz, garantimos a justi\u00e7a, superamos os acontecimentos mais dolorosos.&#8221; &#8220;<\/p>\n<p>\u201c\u00c9 hora de pararmos um pouco para nos interrogar, aprender, crescer e deixar transformar\u201d: este \u00e9 o convite do Papa Francisco contido na mensagem para o Dia Mundial da Paz de 2023, celebrado em 1\u00ba de janeiro.&#8221; &#8220;<\/p>\n<p>&#8220;O tema escolhido pelo Pont\u00edfice \u00e9 \u201cNingu\u00e9m pode salvar-se sozinho. Juntos, recomecemos a partir da Covid-19 para tra\u00e7ar sendas de paz.&#8221; &#8221;\u00a0 \u00a0 <em>In Vatican News<\/em><\/p>\n<ul>\n<li><a href=\"https:\/\/www.vatican.va\/content\/francesco\/pt\/messages\/peace\/documents\/20221208-messaggio-56giornatamondiale-pace2023.html\">Mensagem do Papa Francisco para o 56\u00ba Dia Mundial da Paz<\/a><\/li>\n<li><a href=\"https:\/\/agencia.ecclesia.pt\/portal\/dia-mundial-da-paz-2023-mudar-o-coracao-o-caminho-do-papa-para-o-mundo-pos-covid\/\">Resumo da mensagem do Dia Mundial da Paz do Papa Francisco<\/a><\/li>\n<\/ul>\n<p><strong>C\u00e2nticos para a Solenidade de Santa Maria M\u00e3e de Deus \u2013 Ano A (<\/strong><a href=\"https:\/\/www.liturgia.pt\/santos\/santo_v.php?cod_santo=7\">liturgia<\/a><strong>)<\/strong><\/p>\n<p>&#8220;O louvor e a exulta\u00e7\u00e3o jubilosa n\u00e3o nascem do prazer est\u00e9tico produzido por uma obra musical. Eles nascem do emaravilhamento diante do que, na f\u00e9, se ouve e se v\u00ea. Os pastores exultam n\u00e3o porque produziam belos sons, mas porque os seus cora\u00e7\u00f5es transbordavam de alegria pelo que tinham visto e ouvido sobre o Menino. N\u00e3o \u00e9 a m\u00fasica que provoca alegria, \u00e9 a alegria que se exprime pela m\u00fasica. &#8221;\u00a0 \u00a0 \u00a0 <em>In Arquidiocese de Braga<\/em><\/p>\n<ul>\n<li>Entrada:\u00a0<a href=\"http:\/\/coro.paroquiabaixadabanheira.org\/reportorio\/maria\/mae.do.povo.pdf\">M\u00e3e do Povo<\/a><\/li>\n<li>Acto Penitencial:\u00a0<a href=\"http:\/\/coro.paroquiabaixadabanheira.org\/reportorio\/penitencial\/senhor.tende.piedade.2.pdf\">Senhor, Tende Piedade\u00a0T.Aragues<\/a><\/li>\n<li>Gl\u00f3ria:\u00a0<a href=\"http:\/\/coro.paroquiabaixadabanheira.org\/reportorio\/gloria\/gloria.2.vozes.pdf\">Gloria 2 Vozes<\/a><\/li>\n<li>Salmo:\u00a0<em>66 (67)<\/em>\u00a0<a href=\"https:\/\/www.liturgia.pt\/multimedia\/mp3\/SalmosResponsoriais\/011_ABC_07Nat1Jan-DeusTenhaCompaixao.mp3\"><em>\u201cDeus Se compade\u00e7a de n\u00f3s e nos d\u00ea a sua b\u00ean\u00e7\u00e3o\u201d<\/em><\/a><\/li>\n<li>Aclama\u00e7\u00e3o ao Evangelho:\u00a0<a href=\"http:\/\/coro.paroquiabaixadabanheira.org\/reportorio\/natal\/aleluia.do.natal.pdf\">Aleluia do Natal<\/a><\/li>\n<li>Ora\u00e7\u00e3o dos Fi\u00e9is:\u00a0<a href=\"http:\/\/coro.paroquiabaixadabanheira.org\/reportorio\/aclamacao\/oracao.universal.pdf\">Respostas<\/a>\u00a0(numero 24) ou\u00a0<a href=\"http:\/\/coro.paroquiabaixadabanheira.org\/reportorio\/pascoa\/ladainhas.a.ferreira.santos.curta.pdf\">Ladainhas dos santos \u2013 Novo<\/a>\u00a0<strong>Letra<\/strong>\u00a0(<a href=\"http:\/\/coro.paroquiabaixadabanheira.org\/reportorio\/natal\/oracao.universal.pdf\">Nossa Senhora)<\/a><\/li>\n<li>B\u00ean\u00e7\u00e3o das Fam\u00edlias:\u00a0<a href=\"http:\/\/coro.paroquiabaixadabanheira.org\/reportorio\/natal\/iluminai.nos.senhor.csilva.pdf\">Iluminai-nos Senhor<\/a><\/li>\n<li>Apresenta\u00e7\u00e3o dos Dons:\u00a0<a href=\"http:\/\/coro.paroquiabaixadabanheira.org\/reportorio\/maria\/bendita.seja.virgem.maria.pdf\">Bendita Seja Virgem Maria<\/a><\/li>\n<li>Santo:\u00a0<a href=\"http:\/\/coro.paroquiabaixadabanheira.org\/reportorio\/santo\/santo.marco.frisina.pdf\">Santo Marco Frisina<\/a>\u00a0ou\u00a0<a href=\"http:\/\/coro.paroquiabaixadabanheira.org\/reportorio\/santo\/santo.f.silva.pdf\">Santo (F. Silva)<\/a><\/li>\n<li>Fra\u00e7\u00e3o do P\u00e3o: <a href=\"http:\/\/coro.paroquiabaixadabanheira.org\/reportorio\/cordeiro\/agnus.dei.diamantino.pdf\">Agnus Dei (Diamantino)<\/a>\u00a0ou\u00a0<a href=\"http:\/\/coro.paroquiabaixadabanheira.org\/reportorio\/cordeiro\/cordeiro.aragues.pdf\">Cordeiro (Aragues)<\/a><\/li>\n<li>Comunh\u00e3o:\u00a0<a href=\"http:\/\/coro.paroquiabaixadabanheira.org\/reportorio\/final\/jesus.cristo.ontem.hoje.pdf\">Jesus Cristo, Ontem e Hoje<\/a><\/li>\n<li>Ac\u00e7\u00e3o de Gra\u00e7as:\u00a0<a href=\"http:\/\/coro.paroquiabaixadabanheira.org\/reportorio\/natal\/maria.es.arvore.da.vida.pdf\">Maria \u00e9s a \u00c1rvore da Vida<\/a><\/li>\n<li>Venera\u00e7\u00e3o \u00e0 Imagem do Menino:\u00a0<a href=\"http:\/\/coro.paroquiabaixadabanheira.org\/reportorio\/maria\/nossa.senhora.da.paz.pdf\">Nossa Senhora da Paz<\/a><\/li>\n<li>Venera\u00e7\u00e3o\u00a0\u00e0 Imagem do Menino:\u00a0<a href=\"http:\/\/coro.paroquiabaixadabanheira.org\/reportorio\/natal\/correi.pressurosos.pdf\">Correi Pressurosos a Bel\u00e9m<\/a><\/li>\n<li>Venera\u00e7\u00e3o \u00e0 Imagem do Menino:\u00a0<a href=\"http:\/\/coro.paroquiabaixadabanheira.org\/reportorio\/natal\/alegremse.os.ceus.pdf\">Alegrem-se os C\u00e9us e a Terra<\/a><\/li>\n<\/ul>\n<p>Trazer<\/p>\n<ul>\n<li><a href=\"http:\/\/coro.paroquiabaixadabanheira.org\/reportorio\/maria\/a.virgem.cheia.de.graca.pdf\">\u00c0\u00a0Virgem cheia de gra\u00e7a<\/a><\/li>\n<li><a href=\"http:\/\/coro.paroquiabaixadabanheira.org\/reportorio\/aclama\/aleluia.manuel.faria.pdf\">Aleluia (Manuel Faria)<\/a>\u00a0<\/li>\n<\/ul>\n\n\n<p><\/p>\n\n\n\n<p><\/p>\n","protected":false},"excerpt":{"rendered":"<p>&#8220;Na mensagem para o Dia Mundial da Paz de 2023, o Papa faz um convite a refletir sobre as li\u00e7\u00f5es deixadas pela pandemia e pela guerra na Ucr\u00e2nia e indica o caminho para a paz: &#8220;\u00c9 juntos, na fraternidade e &hellip;<\/p>\n<p class=\"read-more\"> <a class=\"more-link\" href=\"https:\/\/coro.paroquiabaixadabanheira.org\/?p=4088\"> <span class=\"screen-reader-text\">Solenidade de Santa Maria M\u00e3e de Deus (Dia Mundial da Paz)<\/span> Read More &raquo;<\/a><\/p>\n","protected":false},"author":3,"featured_media":0,"comment_status":"open","ping_status":"open","sticky":false,"template":"","format":"standard","meta":{"footnotes":""},"categories":[1],"tags":[],"class_list":["post-4088","post","type-post","status-publish","format-standard","hentry","category-uncategorized"],"_links":{"self":[{"href":"https:\/\/coro.paroquiabaixadabanheira.org\/index.php?rest_route=\/wp\/v2\/posts\/4088","targetHints":{"allow":["GET"]}}],"collection":[{"href":"https:\/\/coro.paroquiabaixadabanheira.org\/index.php?rest_route=\/wp\/v2\/posts"}],"about":[{"href":"https:\/\/coro.paroquiabaixadabanheira.org\/index.php?rest_route=\/wp\/v2\/types\/post"}],"author":[{"embeddable":true,"href":"https:\/\/coro.paroquiabaixadabanheira.org\/index.php?rest_route=\/wp\/v2\/users\/3"}],"replies":[{"embeddable":true,"href":"https:\/\/coro.paroquiabaixadabanheira.org\/index.php?rest_route=%2Fwp%2Fv2%2Fcomments&post=4088"}],"version-history":[{"count":5,"href":"https:\/\/coro.paroquiabaixadabanheira.org\/index.php?rest_route=\/wp\/v2\/posts\/4088\/revisions"}],"predecessor-version":[{"id":4093,"href":"https:\/\/coro.paroquiabaixadabanheira.org\/index.php?rest_route=\/wp\/v2\/posts\/4088\/revisions\/4093"}],"wp:attachment":[{"href":"https:\/\/coro.paroquiabaixadabanheira.org\/index.php?rest_route=%2Fwp%2Fv2%2Fmedia&parent=4088"}],"wp:term":[{"taxonomy":"category","embeddable":true,"href":"https:\/\/coro.paroquiabaixadabanheira.org\/index.php?rest_route=%2Fwp%2Fv2%2Fcategories&post=4088"},{"taxonomy":"post_tag","embeddable":true,"href":"https:\/\/coro.paroquiabaixadabanheira.org\/index.php?rest_route=%2Fwp%2Fv2%2Ftags&post=4088"}],"curies":[{"name":"wp","href":"https:\/\/api.w.org\/{rel}","templated":true}]}}